{"id":24157,"date":"2013-01-30T15:44:00","date_gmt":"2013-01-30T15:44:00","guid":{"rendered":"http:\/\/localhost:81\/wp1\/?p=24157"},"modified":"2013-01-30T15:44:00","modified_gmt":"2013-01-30T15:44:00","slug":"mapas-e-mapeamentos","status":"publish","type":"post","link":"https:\/\/sites.ecclesia.pt\/cv\/mapas-e-mapeamentos\/","title":{"rendered":"Mapas e mapeamentos"},"content":{"rendered":"<p>Ponta de Lan\u00e7a <!--more--> Acaba de ser publicada a Lei n.\u00ba 11-A\/2013, de 28 de janeiro. A presente lei d\u00e1 cumprimento \u00e0 obriga\u00e7\u00e3o de reorganiza\u00e7\u00e3o administrativa do territ\u00f3rio das freguesias constante da Lei n.\u00ba 22\/2012, de 30 de maio.<\/p>\n<p>A reorganiza\u00e7\u00e3o administrativa das freguesias \u00e9 estabelecida atrav\u00e9s da cria\u00e7\u00e3o de freguesias por agrega\u00e7\u00e3o ou por altera\u00e7\u00e3o dos limites territoriais de acordo com os princ\u00edpios, crit\u00e9rios e par\u00e2metros definidos na Lei n.\u00ba 22\/2012, de 30 de maio, com as especificidades previstas na presente lei.<\/p>\n<p>Como era expect\u00e1vel, este mapa \u00e9 todo ele muito estranho de entender. Os crit\u00e9rios estavam definidos, \u00e9 certo, mas n\u00e3o d\u00e1 para perceber a necessidade, a pressa, a concentra\u00e7\u00e3o,\u2026 quando o pa\u00eds clama por medidas que impe\u00e7am a desertifica\u00e7\u00e3o, que deem escala ao interior, que desenvolvam os setores produtivos. Est\u00e1 feito, na letra da Lei, n\u00e3o est\u00e1 no esp\u00edrito das comunidades. Portanto, \u00e9 algo que apenas trar\u00e1 esperan\u00e7a, a esperan\u00e7a que tudo isto seja alterado, e rapidamente. N\u00e3o interessa quando, mas n\u00e3o vai ficar por aqui.<\/p>\n<p>Ap\u00f3s o temporal, um grupo de cidad\u00e3os lan\u00e7ou um mapeamento online das \u00e1rvores que o vento levou. Excelente contributo para que a sociedade seja mais completa, mais atenta, mais interventiva. Um exerc\u00edcio de cidadania ativa por parte do grupo Pensar o futuro &#8211; Aveiro em 2020.<\/p>\n<p>A seguir \u00e9 necess\u00e1rio um outro servi\u00e7o c\u00edvico: mapear o que resta de pavimentos circul\u00e1veis na nossa regi\u00e3o, sobretudo no concelho de Aveiro.<\/p>\n<p>As estradas est\u00e3o verdadeiramente intrat\u00e1veis.<\/p>\n<p>\u00c9 preciso fazer mais, fazer muito mais para eliminar esta \u201cpandemia\u201d. Na verdade, custar\u00e1 muito ao er\u00e1rio p\u00fablico uma revis\u00e3o profunda destes equipamentos mas como est\u00e1, como est\u00e3o, s\u00e3o p\u00e9ssimos \u201cpostais\u201d de uma cidade sede de distrito!<\/p>\n<p>Vamos l\u00e1 mapear isto!<\/p>\n","protected":false},"excerpt":{"rendered":"<p>Ponta de Lan\u00e7a<\/p>\n","protected":false},"author":1,"featured_media":0,"comment_status":"open","ping_status":"open","sticky":false,"template":"","format":"standard","meta":{"footnotes":""},"categories":[62],"tags":[],"class_list":["post-24157","post","type-post","status-publish","format-standard","hentry","category-opiniao"],"_links":{"self":[{"href":"https:\/\/sites.ecclesia.pt\/cv\/wp-json\/wp\/v2\/posts\/24157","targetHints":{"allow":["GET"]}}],"collection":[{"href":"https:\/\/sites.ecclesia.pt\/cv\/wp-json\/wp\/v2\/posts"}],"about":[{"href":"https:\/\/sites.ecclesia.pt\/cv\/wp-json\/wp\/v2\/types\/post"}],"author":[{"embeddable":true,"href":"https:\/\/sites.ecclesia.pt\/cv\/wp-json\/wp\/v2\/users\/1"}],"replies":[{"embeddable":true,"href":"https:\/\/sites.ecclesia.pt\/cv\/wp-json\/wp\/v2\/comments?post=24157"}],"version-history":[{"count":0,"href":"https:\/\/sites.ecclesia.pt\/cv\/wp-json\/wp\/v2\/posts\/24157\/revisions"}],"wp:attachment":[{"href":"https:\/\/sites.ecclesia.pt\/cv\/wp-json\/wp\/v2\/media?parent=24157"}],"wp:term":[{"taxonomy":"category","embeddable":true,"href":"https:\/\/sites.ecclesia.pt\/cv\/wp-json\/wp\/v2\/categories?post=24157"},{"taxonomy":"post_tag","embeddable":true,"href":"https:\/\/sites.ecclesia.pt\/cv\/wp-json\/wp\/v2\/tags?post=24157"}],"curies":[{"name":"wp","href":"https:\/\/api.w.org\/{rel}","templated":true}]}}