{"id":24161,"date":"2013-02-06T16:20:00","date_gmt":"2013-02-06T16:20:00","guid":{"rendered":"http:\/\/localhost:81\/wp1\/?p=24161"},"modified":"2013-02-06T16:20:00","modified_gmt":"2013-02-06T16:20:00","slug":"vaticano-18","status":"publish","type":"post","link":"https:\/\/sites.ecclesia.pt\/cv\/vaticano-18\/","title":{"rendered":"Vaticano"},"content":{"rendered":"<p>Crist\u00e3os no Mundo <!--more--> Um manuscrito com cerca de 700 anos sobre ca\u00e7a aos p\u00e1ssaros e livros medievais usados nos mosteiros integram o primeiro conjunto de obras que a Biblioteca do Vaticano digitalizou e apresentou na Internet para acesso gratuito e irrestrito. A institui\u00e7\u00e3o disponibilizou 256 manuscritos no seu s\u00edtio, primeira etapa de uma iniciativa que prev\u00ea a digitaliza\u00e7\u00e3o de 80 mil obras redigidas \u00e0 m\u00e3o.<\/p>\n","protected":false},"excerpt":{"rendered":"<p>Crist\u00e3os no Mundo<\/p>\n","protected":false},"author":1,"featured_media":0,"comment_status":"open","ping_status":"open","sticky":false,"template":"","format":"standard","meta":{"footnotes":""},"categories":[55],"tags":[],"class_list":["post-24161","post","type-post","status-publish","format-standard","hentry","category-igreja-no-mundo"],"_links":{"self":[{"href":"https:\/\/sites.ecclesia.pt\/cv\/wp-json\/wp\/v2\/posts\/24161","targetHints":{"allow":["GET"]}}],"collection":[{"href":"https:\/\/sites.ecclesia.pt\/cv\/wp-json\/wp\/v2\/posts"}],"about":[{"href":"https:\/\/sites.ecclesia.pt\/cv\/wp-json\/wp\/v2\/types\/post"}],"author":[{"embeddable":true,"href":"https:\/\/sites.ecclesia.pt\/cv\/wp-json\/wp\/v2\/users\/1"}],"replies":[{"embeddable":true,"href":"https:\/\/sites.ecclesia.pt\/cv\/wp-json\/wp\/v2\/comments?post=24161"}],"version-history":[{"count":0,"href":"https:\/\/sites.ecclesia.pt\/cv\/wp-json\/wp\/v2\/posts\/24161\/revisions"}],"wp:attachment":[{"href":"https:\/\/sites.ecclesia.pt\/cv\/wp-json\/wp\/v2\/media?parent=24161"}],"wp:term":[{"taxonomy":"category","embeddable":true,"href":"https:\/\/sites.ecclesia.pt\/cv\/wp-json\/wp\/v2\/categories?post=24161"},{"taxonomy":"post_tag","embeddable":true,"href":"https:\/\/sites.ecclesia.pt\/cv\/wp-json\/wp\/v2\/tags?post=24161"}],"curies":[{"name":"wp","href":"https:\/\/api.w.org\/{rel}","templated":true}]}}