{"id":24162,"date":"2013-02-06T16:21:00","date_gmt":"2013-02-06T16:21:00","guid":{"rendered":"http:\/\/localhost:81\/wp1\/?p=24162"},"modified":"2013-02-06T16:21:00","modified_gmt":"2013-02-06T16:21:00","slug":"iraque-22","status":"publish","type":"post","link":"https:\/\/sites.ecclesia.pt\/cv\/iraque-22\/","title":{"rendered":"Iraque"},"content":{"rendered":"<p>Crist\u00e3os no Mundo <!--more--> O \u201cconclave\u201d caldeu, ocorrido em Roma, elegeu o arcebispo de Kirkuk, Louis Sako, 63 anos, como novo patriarca da Igreja caldeia. Ele assume o nome de Lu\u00eds Rafael I Sako. A nomea\u00e7\u00e3o foi oficializada pelo Papa, que confirma a comunh\u00e3o com o vencedor do \u201cconclave\u201d, no qual participaram 15 bispos.  A Caldeia \u00e9 a vasta plan\u00edcie formada pelos dep\u00f3sitos dos rios Tigre e Eufrates, no Iraque.<\/p>\n","protected":false},"excerpt":{"rendered":"<p>Crist\u00e3os no Mundo<\/p>\n","protected":false},"author":1,"featured_media":0,"comment_status":"open","ping_status":"open","sticky":false,"template":"","format":"standard","meta":{"footnotes":""},"categories":[55],"tags":[],"class_list":["post-24162","post","type-post","status-publish","format-standard","hentry","category-igreja-no-mundo"],"_links":{"self":[{"href":"https:\/\/sites.ecclesia.pt\/cv\/wp-json\/wp\/v2\/posts\/24162","targetHints":{"allow":["GET"]}}],"collection":[{"href":"https:\/\/sites.ecclesia.pt\/cv\/wp-json\/wp\/v2\/posts"}],"about":[{"href":"https:\/\/sites.ecclesia.pt\/cv\/wp-json\/wp\/v2\/types\/post"}],"author":[{"embeddable":true,"href":"https:\/\/sites.ecclesia.pt\/cv\/wp-json\/wp\/v2\/users\/1"}],"replies":[{"embeddable":true,"href":"https:\/\/sites.ecclesia.pt\/cv\/wp-json\/wp\/v2\/comments?post=24162"}],"version-history":[{"count":0,"href":"https:\/\/sites.ecclesia.pt\/cv\/wp-json\/wp\/v2\/posts\/24162\/revisions"}],"wp:attachment":[{"href":"https:\/\/sites.ecclesia.pt\/cv\/wp-json\/wp\/v2\/media?parent=24162"}],"wp:term":[{"taxonomy":"category","embeddable":true,"href":"https:\/\/sites.ecclesia.pt\/cv\/wp-json\/wp\/v2\/categories?post=24162"},{"taxonomy":"post_tag","embeddable":true,"href":"https:\/\/sites.ecclesia.pt\/cv\/wp-json\/wp\/v2\/tags?post=24162"}],"curies":[{"name":"wp","href":"https:\/\/api.w.org\/{rel}","templated":true}]}}