{"id":24174,"date":"2013-02-21T11:55:00","date_gmt":"2013-02-21T11:55:00","guid":{"rendered":"http:\/\/localhost:81\/wp1\/?p=24174"},"modified":"2013-02-21T11:55:00","modified_gmt":"2013-02-21T11:55:00","slug":"citacao-107","status":"publish","type":"post","link":"https:\/\/sites.ecclesia.pt\/cv\/citacao-107\/","title":{"rendered":"Cita\u00e7\u00e3o"},"content":{"rendered":"<p>Ter coragem diante de qualquer coisa na vida, essa \u00e9 a base de tudo.<\/p>\n<p>Teresa de \u00c1vila (1515-1582), carmelita espanhola, m\u00edstica e doutra da Igreja <\/p>\n","protected":false},"excerpt":{"rendered":"<p>Ter coragem diante de qualquer coisa na vida, essa \u00e9 a base de tudo. Teresa de \u00c1vila (1515-1582), carmelita espanhola, m\u00edstica e doutra da Igreja<\/p>\n","protected":false},"author":1,"featured_media":0,"comment_status":"open","ping_status":"open","sticky":false,"template":"","format":"standard","meta":{"footnotes":""},"categories":[56],"tags":[],"class_list":["post-24174","post","type-post","status-publish","format-standard","hentry","category-almanaque"],"_links":{"self":[{"href":"https:\/\/sites.ecclesia.pt\/cv\/wp-json\/wp\/v2\/posts\/24174","targetHints":{"allow":["GET"]}}],"collection":[{"href":"https:\/\/sites.ecclesia.pt\/cv\/wp-json\/wp\/v2\/posts"}],"about":[{"href":"https:\/\/sites.ecclesia.pt\/cv\/wp-json\/wp\/v2\/types\/post"}],"author":[{"embeddable":true,"href":"https:\/\/sites.ecclesia.pt\/cv\/wp-json\/wp\/v2\/users\/1"}],"replies":[{"embeddable":true,"href":"https:\/\/sites.ecclesia.pt\/cv\/wp-json\/wp\/v2\/comments?post=24174"}],"version-history":[{"count":0,"href":"https:\/\/sites.ecclesia.pt\/cv\/wp-json\/wp\/v2\/posts\/24174\/revisions"}],"wp:attachment":[{"href":"https:\/\/sites.ecclesia.pt\/cv\/wp-json\/wp\/v2\/media?parent=24174"}],"wp:term":[{"taxonomy":"category","embeddable":true,"href":"https:\/\/sites.ecclesia.pt\/cv\/wp-json\/wp\/v2\/categories?post=24174"},{"taxonomy":"post_tag","embeddable":true,"href":"https:\/\/sites.ecclesia.pt\/cv\/wp-json\/wp\/v2\/tags?post=24174"}],"curies":[{"name":"wp","href":"https:\/\/api.w.org\/{rel}","templated":true}]}}