{"id":24175,"date":"2013-02-21T11:57:00","date_gmt":"2013-02-21T11:57:00","guid":{"rendered":"http:\/\/localhost:81\/wp1\/?p=24175"},"modified":"2013-02-21T11:57:00","modified_gmt":"2013-02-21T11:57:00","slug":"mais-uma-de-joao-xxiii-contada-por-bento-xvi","status":"publish","type":"post","link":"https:\/\/sites.ecclesia.pt\/cv\/mais-uma-de-joao-xxiii-contada-por-bento-xvi\/","title":{"rendered":"Mais uma de Jo\u00e3o XXIII contada por Bento XVI"},"content":{"rendered":"<p>Rir e Pensar <!--more--> No \u00faltimo encontro com o clero de Roma, no dia 14 de fevereiro de 2013, Bento XVI lembrou que, quando era um jovem te\u00f3logo, o cardeal Joseph Frings, de Col\u00f3nia, pediu-lhe para ajudar a preparar um discurso expondo uma vis\u00e3o para o Conc\u00edlio Vaticano II.<\/p>\n<p>Mais tarde, em Roma, enquanto se dirigia com o jovem Ratzinger para uma cerim\u00f3nia, Frings estava nervoso pelo facto de o seu discurso ter ido longe demais. \u201cEsta pode ser a \u00faltima vez que eu uso a p\u00farpura\u201d, disse a Ratzinger, temendo que fosse deposto como bispo.<\/p>\n<p>Pelo contr\u00e1rio, contou h\u00e1 dias Bento XVI, o Papa Jo\u00e3o XXIII abra\u00e7ou o cardeal Frings e disse: \u201cEmin\u00eancia, obrigado pelo seu discurso. O senhor disse exatamente o que eu queria dizer, mas n\u00e3o conseguia encontrar as palavras\u201d.<\/p>\n","protected":false},"excerpt":{"rendered":"<p>Rir e Pensar<\/p>\n","protected":false},"author":1,"featured_media":0,"comment_status":"open","ping_status":"open","sticky":false,"template":"","format":"standard","meta":{"footnotes":""},"categories":[52],"tags":[],"class_list":["post-24175","post","type-post","status-publish","format-standard","hentry","category-espiritualidade"],"_links":{"self":[{"href":"https:\/\/sites.ecclesia.pt\/cv\/wp-json\/wp\/v2\/posts\/24175","targetHints":{"allow":["GET"]}}],"collection":[{"href":"https:\/\/sites.ecclesia.pt\/cv\/wp-json\/wp\/v2\/posts"}],"about":[{"href":"https:\/\/sites.ecclesia.pt\/cv\/wp-json\/wp\/v2\/types\/post"}],"author":[{"embeddable":true,"href":"https:\/\/sites.ecclesia.pt\/cv\/wp-json\/wp\/v2\/users\/1"}],"replies":[{"embeddable":true,"href":"https:\/\/sites.ecclesia.pt\/cv\/wp-json\/wp\/v2\/comments?post=24175"}],"version-history":[{"count":0,"href":"https:\/\/sites.ecclesia.pt\/cv\/wp-json\/wp\/v2\/posts\/24175\/revisions"}],"wp:attachment":[{"href":"https:\/\/sites.ecclesia.pt\/cv\/wp-json\/wp\/v2\/media?parent=24175"}],"wp:term":[{"taxonomy":"category","embeddable":true,"href":"https:\/\/sites.ecclesia.pt\/cv\/wp-json\/wp\/v2\/categories?post=24175"},{"taxonomy":"post_tag","embeddable":true,"href":"https:\/\/sites.ecclesia.pt\/cv\/wp-json\/wp\/v2\/tags?post=24175"}],"curies":[{"name":"wp","href":"https:\/\/api.w.org\/{rel}","templated":true}]}}