{"id":24188,"date":"2013-02-28T09:52:00","date_gmt":"2013-02-28T09:52:00","guid":{"rendered":"http:\/\/localhost:81\/wp1\/?p=24188"},"modified":"2013-02-28T09:52:00","modified_gmt":"2013-02-28T09:52:00","slug":"jantar-das-florinhas-e-no-dia-7-de-marco","status":"publish","type":"post","link":"https:\/\/sites.ecclesia.pt\/cv\/jantar-das-florinhas-e-no-dia-7-de-marco\/","title":{"rendered":"Jantar das Florinhas \u00e9 no dia 7 de mar\u00e7o"},"content":{"rendered":"<p>O jantar com fados para angariar fundos para as Florinhas do Vouga foi adiado para a noite de 7 de mar\u00e7o, uma quinta-feira, \u00e0s 20h, no Sal\u00e3o de D. Jo\u00e3o Evangelista.<\/p>\n<p>Os bilhetes de entrada podem adquirir-se na Secretaria das Florinhas do Vouga  (telefone 234 377 330) ou junto de qualquer colaborador da institui\u00e7\u00e3o particular de solidariedade social. <\/p>\n","protected":false},"excerpt":{"rendered":"<p>O jantar com fados para angariar fundos para as Florinhas do Vouga foi adiado para a noite de 7 de mar\u00e7o, uma quinta-feira, \u00e0s 20h, no Sal\u00e3o de D. Jo\u00e3o Evangelista. Os bilhetes de entrada podem adquirir-se na Secretaria das Florinhas do Vouga (telefone 234 377 330) ou junto de qualquer colaborador da institui\u00e7\u00e3o particular [&hellip;]<\/p>\n","protected":false},"author":1,"featured_media":0,"comment_status":"open","ping_status":"open","sticky":false,"template":"","format":"standard","meta":{"footnotes":""},"categories":[70],"tags":[],"class_list":["post-24188","post","type-post","status-publish","format-standard","hentry","category-diocese"],"_links":{"self":[{"href":"https:\/\/sites.ecclesia.pt\/cv\/wp-json\/wp\/v2\/posts\/24188","targetHints":{"allow":["GET"]}}],"collection":[{"href":"https:\/\/sites.ecclesia.pt\/cv\/wp-json\/wp\/v2\/posts"}],"about":[{"href":"https:\/\/sites.ecclesia.pt\/cv\/wp-json\/wp\/v2\/types\/post"}],"author":[{"embeddable":true,"href":"https:\/\/sites.ecclesia.pt\/cv\/wp-json\/wp\/v2\/users\/1"}],"replies":[{"embeddable":true,"href":"https:\/\/sites.ecclesia.pt\/cv\/wp-json\/wp\/v2\/comments?post=24188"}],"version-history":[{"count":0,"href":"https:\/\/sites.ecclesia.pt\/cv\/wp-json\/wp\/v2\/posts\/24188\/revisions"}],"wp:attachment":[{"href":"https:\/\/sites.ecclesia.pt\/cv\/wp-json\/wp\/v2\/media?parent=24188"}],"wp:term":[{"taxonomy":"category","embeddable":true,"href":"https:\/\/sites.ecclesia.pt\/cv\/wp-json\/wp\/v2\/categories?post=24188"},{"taxonomy":"post_tag","embeddable":true,"href":"https:\/\/sites.ecclesia.pt\/cv\/wp-json\/wp\/v2\/tags?post=24188"}],"curies":[{"name":"wp","href":"https:\/\/api.w.org\/{rel}","templated":true}]}}