{"id":24189,"date":"2013-02-28T09:52:00","date_gmt":"2013-02-28T09:52:00","guid":{"rendered":"http:\/\/localhost:81\/wp1\/?p=24189"},"modified":"2013-02-28T09:52:00","modified_gmt":"2013-02-28T09:52:00","slug":"solucoes-devem-inspirar-se-na-doutrina-social-da-igreja","status":"publish","type":"post","link":"https:\/\/sites.ecclesia.pt\/cv\/solucoes-devem-inspirar-se-na-doutrina-social-da-igreja\/","title":{"rendered":"Solu\u00e7\u00f5es devem inspirar-se na Doutrina Social da Igreja"},"content":{"rendered":"<p>O economista Ant\u00f3nio Borges considerou que os temas de responsabilidade social e justi\u00e7a social s\u00e3o \u201ccentrais \u00e0 pol\u00edtica econ\u00f3mica\u201d.<\/p>\n<p>O economista Ant\u00f3nio Borges considera que a Doutrina Social da Igreja \u00e9 \u201cmuito inspiradora\u201d para o momento de crise que se vive em Portugal.<\/p>\n<p>Ap\u00f3s a confer\u00eancia que fez, no s\u00e1bado, 23 de fevereiro, em Castelo Branco, sobre o tema \u00abGestor e Cat\u00f3lico, um duplo desafio de responsabilidade social\u00bb, o economista e professor da Universidade Cat\u00f3lica Portuguesa disse \u00e0 Ag\u00eancia Ecclesia que existe \u201cuma consci\u00eancia cada vez maior\u201d que os temas de responsabilidade social e justi\u00e7a social s\u00e3o \u201ccentrais \u00e0 pol\u00edtica econ\u00f3mica\u201d. O antigo diretor do Departamento Europeu do Fundo Monet\u00e1rio Internacional defende que ser gestor e cat\u00f3lico em simult\u00e2neo \u201c\u00e9 poss\u00edvel e d\u00e1 outra qualidade \u00e0 gest\u00e3o\u201d.<\/p>\n<p>A assembleia diocesana da Pastoral Social, subordinada ao tema \u2018Caridade \u2013 a dimens\u00e3o operativa da f\u00e9\u2019, teve tamb\u00e9m como orador D. Ant\u00f3nio Marcelino, bispo em\u00e9rito de Aveiro, que alerta para a forma\u00e7\u00e3o, \u201csem esta n\u00e3o existe renova\u00e7\u00e3o\u201d.<\/p>\n<p>A sociedade atual \u2013 nas palavras do prelado natural da regi\u00e3o de Castelo Branco \u2013 est\u00e1 \u201ccada vez mais complexa\u201d, visto que se \u201cmultiplicaram as formas de pobreza e as pessoas menos facilidade de ajudar\u201d.<\/p>\n<p>Segundo D. Ant\u00f3nio Marcelino, o fosso entre pobres e ricos \u201caumentou muito\u201d, o que \u00e9 uma \u201cclivagem terr\u00edvel\u201d. Quem est\u00e1 no terreno \u2013 como as comunidades crist\u00e3s \u2013 \u201cdeve estar mais atento \u00e0s necessidades existentes\u201d e \u201ctente movimentar a comunidade para que partilhe\u201d, real\u00e7ou o bispo em\u00e9rito.<\/p>\n<p>A Igreja \u201cn\u00e3o pode deixar de estar atenta\u201d aos problemas que as pessoas sofrem e aconselha os gestores a terem o comp\u00eandio da Doutrina Social da Igreja como livro essencial na sua conduta empresarial.<\/p>\n<p>O presidente da C\u00e1ritas da diocese de Portalegre-Castelo Branco, Elic\u00eddio Bil\u00e9, considera importante que a Igreja d\u00ea \u201cdimens\u00e3o operativa \u00e0 f\u00e9\u201d e acrescenta: \u201cA f\u00e9 exprime-se pelo testemunho e pela a\u00e7\u00e3o\u201d.<\/p>\n<p>\u201c\u00c9 preciso, urgentemente, devolver a esperan\u00e7a \u00e0s pessoas\u201d, salientou Elic\u00eddio Bil\u00e9 e conclui: \u201cN\u00e3o se pode ficar apenas pela assist\u00eancia material\u201d.<\/p>\n<p>Ag. Ecclesia<\/p>\n","protected":false},"excerpt":{"rendered":"<p>O economista Ant\u00f3nio Borges considerou que os temas de responsabilidade social e justi\u00e7a social s\u00e3o \u201ccentrais \u00e0 pol\u00edtica econ\u00f3mica\u201d. O economista Ant\u00f3nio Borges considera que a Doutrina Social da Igreja \u00e9 \u201cmuito inspiradora\u201d para o momento de crise que se vive em Portugal. Ap\u00f3s a confer\u00eancia que fez, no s\u00e1bado, 23 de fevereiro, em Castelo [&hellip;]<\/p>\n","protected":false},"author":1,"featured_media":0,"comment_status":"open","ping_status":"open","sticky":false,"template":"","format":"standard","meta":{"footnotes":""},"categories":[53],"tags":[],"class_list":["post-24189","post","type-post","status-publish","format-standard","hentry","category-igreja-em-portugal"],"_links":{"self":[{"href":"https:\/\/sites.ecclesia.pt\/cv\/wp-json\/wp\/v2\/posts\/24189","targetHints":{"allow":["GET"]}}],"collection":[{"href":"https:\/\/sites.ecclesia.pt\/cv\/wp-json\/wp\/v2\/posts"}],"about":[{"href":"https:\/\/sites.ecclesia.pt\/cv\/wp-json\/wp\/v2\/types\/post"}],"author":[{"embeddable":true,"href":"https:\/\/sites.ecclesia.pt\/cv\/wp-json\/wp\/v2\/users\/1"}],"replies":[{"embeddable":true,"href":"https:\/\/sites.ecclesia.pt\/cv\/wp-json\/wp\/v2\/comments?post=24189"}],"version-history":[{"count":0,"href":"https:\/\/sites.ecclesia.pt\/cv\/wp-json\/wp\/v2\/posts\/24189\/revisions"}],"wp:attachment":[{"href":"https:\/\/sites.ecclesia.pt\/cv\/wp-json\/wp\/v2\/media?parent=24189"}],"wp:term":[{"taxonomy":"category","embeddable":true,"href":"https:\/\/sites.ecclesia.pt\/cv\/wp-json\/wp\/v2\/categories?post=24189"},{"taxonomy":"post_tag","embeddable":true,"href":"https:\/\/sites.ecclesia.pt\/cv\/wp-json\/wp\/v2\/tags?post=24189"}],"curies":[{"name":"wp","href":"https:\/\/api.w.org\/{rel}","templated":true}]}}