{"id":24200,"date":"2013-02-28T10:43:00","date_gmt":"2013-02-28T10:43:00","guid":{"rendered":"http:\/\/localhost:81\/wp1\/?p=24200"},"modified":"2013-02-28T10:43:00","modified_gmt":"2013-02-28T10:43:00","slug":"domingo-iii-da-quaresma","status":"publish","type":"post","link":"https:\/\/sites.ecclesia.pt\/cv\/domingo-iii-da-quaresma\/","title":{"rendered":"Domingo III da Quaresma"},"content":{"rendered":"<p>Leituras Dominicais <!--more--> 1.\u00aa LEITURA Ex 3, 1-8a.13-15<\/p>\n<p>\u00abO que Se chama \u2018Eu sou\u2019 enviou-me a v\u00f3s\u00bb<\/p>\n<p>Naqueles dias, Mois\u00e9s apascentava o rebanho de Jetro, seu sogro, sacerdote de Madi\u00e3. Ao levar o rebanho para al\u00e9m do deserto, chegou ao monte de Deus, o Horeb. Apareceu-lhe ent\u00e3o o Anjo do Senhor numa chama ardente, do meio de uma sar\u00e7a. Mois\u00e9s olhou para a sar\u00e7a, que estava a arder, e viu que a sar\u00e7a n\u00e3o se consumia. Ent\u00e3o disse Mois\u00e9s: \u00abVou aproximar-me, para ver t\u00e3o assombroso espect\u00e1culo: por que motivo n\u00e3o se consome a sar\u00e7a?\u00bb. O Senhor viu que ele se aproximava para ver. Ent\u00e3o Deus chamou-o do meio da sar\u00e7a: \u00abMois\u00e9s, Mois\u00e9s!\u00bb. Ele respondeu: \u00abAqui estou!\u00bb Continuou o Senhor: \u00abN\u00e3o te aproximes. Tira as sand\u00e1lias dos p\u00e9s, porque o lugar que pisas \u00e9 terra sagrada\u00bb. E acrescentou: \u00abEu sou o Deus de teus pais, Deus de Abra\u00e3o, Deus de Isaac e Deus de Jacob\u00bb. Ent\u00e3o Mois\u00e9s cobriu o rosto, com receio de olhar para Deus. Disse-lhe o Senhor: \u00abEu vi a situa\u00e7\u00e3o miser\u00e1vel do meu povo no Egipto; escutei o seu clamor provocado pelos opressores. Conhe\u00e7o, pois, as suas ang\u00fastias. Desci para o libertar das m\u00e3os dos eg\u00edpcios e o levar deste pa\u00eds para uma terra boa e espa\u00e7osa, onde corre leite e mel\u00bb. Mois\u00e9s disse a Deus: \u00abVou procurar os filhos de Israel e dizer-lhes: \u2018O Deus de vossos pais enviou-me a v\u00f3s\u2019. Mas se me perguntarem qual \u00e9 o seu nome, que hei-de responder-lhes?\u00bb. Disse Deus a Mois\u00e9s: \u00abEu sou \u2018Aquele que sou\u2019\u00bb. E prosseguiu: \u00abAssim falar\u00e1s aos filhos de Israel: O que Se chama \u2018Eu sou\u2019 enviou-me a v\u00f3s\u00bb. Deus disse ainda a Mois\u00e9s: \u00abAssim falar\u00e1s aos filhos de Israel: \u2018O Senhor, Deus de vossos pais, Deus de Abra\u00e3o, Deus de Isaac e Deus de Jacob, enviou-me a v\u00f3s. Este \u00e9 o meu nome para sempre, assim Me invocareis de gera\u00e7\u00e3o em gera\u00e7\u00e3o\u2019\u00bb.<\/p>\n<p>2.\u00aa LEITURA 1 Cor 10, 1-6.10-12<\/p>\n<p>A vida do povo com Mois\u00e9s no deserto <\/p>\n<p>foi escrita para nos servir de exemplo<\/p>\n<p>Irm\u00e3os: N\u00e3o quero que ignoreis que os nossos pais estiveram todos debaixo da nuvem, passaram todos atrav\u00e9s do mar e na nuvem e no mar, receberam todos o baptismo de Mois\u00e9s. Todos comeram o mesmo alimento espiritual e todos beberam a mesma bebida espiritual. Bebiam de um rochedo espiritual que os acompanhava: esse rochedo era Cristo. Mas a maioria deles n\u00e3o agradou a Deus, pois ca\u00edram mortos no deserto. Esses factos aconteceram para nos servir de exemplo, a fim de n\u00e3o cobi\u00e7armos o mal, como eles cobi\u00e7aram. N\u00e3o murmureis, como alguns deles murmuraram, tendo perecido \u00e0s m\u00e3os do Anjo exterminador. Tudo isto lhes sucedia para servir de exemplo e foi escrito para nos advertir, a n\u00f3s que cheg\u00e1mos ao fim dos tempos. Portanto, quem julga estar de p\u00e9 tome cuidado para n\u00e3o cair.<\/p>\n<p>EVANGELHO Lc 13, 1-9<\/p>\n<p>\u00abSe n\u00e3o vos arrependerdes, <\/p>\n<p>morrereis do mesmo modo\u00bb<\/p>\n<p>Naquele tempo, vieram contar a Jesus que Pilatos mandara derramar o sangue de certos galileus, juntamente com o das v\u00edtimas que imolavam. Jesus respondeu-lhes: \u00abJulgais que, por terem sofrido tal castigo, esses galileus eram mais pecadores do que todos os outros galileus? Eu digo-vos que n\u00e3o. E se n\u00e3o vos arrependerdes, morrereis todos do mesmo modo. E aqueles dezoito homens, que a torre de Silo\u00e9, ao cair, atingiu e matou? Julgais que eram mais culpados do que todos os outros habitantes de Jerusal\u00e9m? Eu digo-vos que n\u00e3o. E se n\u00e3o vos arrependerdes, morrereis todos de modo semelhante. Jesus disse ent\u00e3o a seguinte par\u00e1bola: \u00abCerto homem tinha uma figueira plantada na sua vinha. Foi procurar os frutos que nela houvesse, mas n\u00e3o os encontrou. Disse ent\u00e3o ao vinhateiro: \u2018H\u00e1 tr\u00eas anos que venho procurar frutos nesta figueira e n\u00e3o os encontro. Deves cort\u00e1-la. Porque h\u00e1-de estar ela a ocupar inutilmente a terra?\u2019. Mas o vinhateiro respondeu-lhe: \u2018Senhor, deixa-a ficar ainda este ano, que eu, entretanto, vou cavar-lhe em volta e deitar-lhe adubo. Talvez venha a dar frutos. Se n\u00e3o der, mand\u00e1-la-\u00e1s cortar no pr\u00f3ximo ano\u00bb.<\/p>\n","protected":false},"excerpt":{"rendered":"<p>Leituras Dominicais<\/p>\n","protected":false},"author":1,"featured_media":0,"comment_status":"open","ping_status":"open","sticky":false,"template":"","format":"standard","meta":{"footnotes":""},"categories":[52],"tags":[],"class_list":["post-24200","post","type-post","status-publish","format-standard","hentry","category-espiritualidade"],"_links":{"self":[{"href":"https:\/\/sites.ecclesia.pt\/cv\/wp-json\/wp\/v2\/posts\/24200","targetHints":{"allow":["GET"]}}],"collection":[{"href":"https:\/\/sites.ecclesia.pt\/cv\/wp-json\/wp\/v2\/posts"}],"about":[{"href":"https:\/\/sites.ecclesia.pt\/cv\/wp-json\/wp\/v2\/types\/post"}],"author":[{"embeddable":true,"href":"https:\/\/sites.ecclesia.pt\/cv\/wp-json\/wp\/v2\/users\/1"}],"replies":[{"embeddable":true,"href":"https:\/\/sites.ecclesia.pt\/cv\/wp-json\/wp\/v2\/comments?post=24200"}],"version-history":[{"count":0,"href":"https:\/\/sites.ecclesia.pt\/cv\/wp-json\/wp\/v2\/posts\/24200\/revisions"}],"wp:attachment":[{"href":"https:\/\/sites.ecclesia.pt\/cv\/wp-json\/wp\/v2\/media?parent=24200"}],"wp:term":[{"taxonomy":"category","embeddable":true,"href":"https:\/\/sites.ecclesia.pt\/cv\/wp-json\/wp\/v2\/categories?post=24200"},{"taxonomy":"post_tag","embeddable":true,"href":"https:\/\/sites.ecclesia.pt\/cv\/wp-json\/wp\/v2\/tags?post=24200"}],"curies":[{"name":"wp","href":"https:\/\/api.w.org\/{rel}","templated":true}]}}