{"id":24246,"date":"2013-03-20T16:39:00","date_gmt":"2013-03-20T16:39:00","guid":{"rendered":"http:\/\/localhost:81\/wp1\/?p=24246"},"modified":"2013-03-20T16:39:00","modified_gmt":"2013-03-20T16:39:00","slug":"citacao-110","status":"publish","type":"post","link":"https:\/\/sites.ecclesia.pt\/cv\/citacao-110\/","title":{"rendered":"Cita\u00e7\u00e3o"},"content":{"rendered":"<p>A juventude n\u00e3o precisa de piedade, mas de verdade. H\u00e1 muito jovem que me pede ajuda onde n\u00e3o h\u00e1 ajuda poss\u00edvel, pois ningu\u00e9m pode viver por eles a sua pr\u00f3pria vida, remontar \u00e0s fontes do ser. Porque a poesia \u00e9 a perp\u00e9tua procura dessas \u00e1guas.<\/p>\n<p>Eug\u00e9nio de Andrade (1923-2005)<\/p>\n","protected":false},"excerpt":{"rendered":"<p>A juventude n\u00e3o precisa de piedade, mas de verdade. H\u00e1 muito jovem que me pede ajuda onde n\u00e3o h\u00e1 ajuda poss\u00edvel, pois ningu\u00e9m pode viver por eles a sua pr\u00f3pria vida, remontar \u00e0s fontes do ser. Porque a poesia \u00e9 a perp\u00e9tua procura dessas \u00e1guas. Eug\u00e9nio de Andrade (1923-2005)<\/p>\n","protected":false},"author":1,"featured_media":0,"comment_status":"open","ping_status":"open","sticky":false,"template":"","format":"standard","meta":{"footnotes":""},"categories":[56],"tags":[],"class_list":["post-24246","post","type-post","status-publish","format-standard","hentry","category-almanaque"],"_links":{"self":[{"href":"https:\/\/sites.ecclesia.pt\/cv\/wp-json\/wp\/v2\/posts\/24246","targetHints":{"allow":["GET"]}}],"collection":[{"href":"https:\/\/sites.ecclesia.pt\/cv\/wp-json\/wp\/v2\/posts"}],"about":[{"href":"https:\/\/sites.ecclesia.pt\/cv\/wp-json\/wp\/v2\/types\/post"}],"author":[{"embeddable":true,"href":"https:\/\/sites.ecclesia.pt\/cv\/wp-json\/wp\/v2\/users\/1"}],"replies":[{"embeddable":true,"href":"https:\/\/sites.ecclesia.pt\/cv\/wp-json\/wp\/v2\/comments?post=24246"}],"version-history":[{"count":0,"href":"https:\/\/sites.ecclesia.pt\/cv\/wp-json\/wp\/v2\/posts\/24246\/revisions"}],"wp:attachment":[{"href":"https:\/\/sites.ecclesia.pt\/cv\/wp-json\/wp\/v2\/media?parent=24246"}],"wp:term":[{"taxonomy":"category","embeddable":true,"href":"https:\/\/sites.ecclesia.pt\/cv\/wp-json\/wp\/v2\/categories?post=24246"},{"taxonomy":"post_tag","embeddable":true,"href":"https:\/\/sites.ecclesia.pt\/cv\/wp-json\/wp\/v2\/tags?post=24246"}],"curies":[{"name":"wp","href":"https:\/\/api.w.org\/{rel}","templated":true}]}}