{"id":24247,"date":"2013-03-20T16:41:00","date_gmt":"2013-03-20T16:41:00","guid":{"rendered":"http:\/\/localhost:81\/wp1\/?p=24247"},"modified":"2013-03-20T16:41:00","modified_gmt":"2013-03-20T16:41:00","slug":"alunos-plantam-arvores-para-realcar-faceta-ecologica-do-cristianismo","status":"publish","type":"post","link":"https:\/\/sites.ecclesia.pt\/cv\/alunos-plantam-arvores-para-realcar-faceta-ecologica-do-cristianismo\/","title":{"rendered":"Alunos plantam \u00e1rvores para real\u00e7ar faceta ecol\u00f3gica do cristianismo"},"content":{"rendered":"<p>Projeto &#8220;EMRC &#8211; Disciplina Carbono Zero&#8221; na Secund\u00e1ria de Albergaria <!--more--> Durante cinco meses acompanharam a germina\u00e7\u00e3o dos carvalhos. As novas \u00e1rvores compensam as emiss\u00f5es de carbono da disciplina EMRC.<\/p>\n<p>Quarenta e seis alunos de Educa\u00e7\u00e3o Moral e Religiosa Cat\u00f3lica (EMRC), do 8.\u00ba ano da Escola Secund\u00e1ria de Albergaria-a-Velha, plantaram no dia 13 de mar\u00e7o dezenas de \u00e1rvores na zona industrial de Albergaria, num espa\u00e7o indicado pela C\u00e2mara Municipal local.<\/p>\n<p>Este ato ecol\u00f3gico n\u00e3o aconteceu por raz\u00f5es de \u201cmoda\u201d ou \u201ccomo uma causa de poucos\u201d, mas no contexto da EMRC, disciplina que ajuda a reconhecer \u201co papel do Cristianismo e do Juda\u00edsmo, enquanto religi\u00f5es que promoveram e promovem, na humanidade, o olhar atento para o mundo como criatura desejada e amada pelo Criador\u201d, conforme se l\u00ea numa carta enviada em outubro aos pais dos alunos pelos professores Lu\u00eds Silva, Isabel Santos e M\u00f3nica Pires.<\/p>\n<p>A planta\u00e7\u00e3o das \u00e1rvores foi a \u00faltima etapa de um projeto intitulado \u201cEMRC \u2013 Disciplina carbono zero\u201d, que come\u00e7ou com o ano letivo de 2012\/13. Em outubro passado, juntamente com a carta explicativa, os jovens levaram para casa, cada um, cinco bolotas de carvalho que, com a colabora\u00e7\u00e3o dos pais, semearam e delas cuidaram at\u00e9 ao dia da planta\u00e7\u00e3o.<\/p>\n<p>\u201cUm mundo criado pelo Amor s\u00f3 pode ser respeitado num dinamismo de amor. O Cristianismo desafia a reconhecer no mundo um bem que deve proteger-se e n\u00e3o um mero instrumento da satisfa\u00e7\u00e3o humana. O homem n\u00e3o \u00e9 senhor do mundo, mas seu administrador\u201d, l\u00ea-se na carta que os professores escreveram aos pais justificando o projeto.<\/p>\n<p>Em casa dos alunos germinaram apenas sete carvalhos, mas a C\u00e2mara Municipal de Albergaria, que tamb\u00e9m assegurou o transporte de alunos e professores, ofereceu 25 \u00e1rvores para plantar. Esta a\u00e7\u00e3o ecol\u00f3gica serve ainda para introduzir a unidade letiva que os alunos v\u00e3o estudar ap\u00f3s a P\u00e1scoa, precisamente, \u201cecologia e valores\u201d.<\/p>\n","protected":false},"excerpt":{"rendered":"<p>Projeto &#8220;EMRC &#8211; Disciplina Carbono Zero&#8221; na Secund\u00e1ria de Albergaria<\/p>\n","protected":false},"author":1,"featured_media":0,"comment_status":"open","ping_status":"open","sticky":false,"template":"","format":"standard","meta":{"footnotes":""},"categories":[51],"tags":[],"class_list":["post-24247","post","type-post","status-publish","format-standard","hentry","category-jovens"],"_links":{"self":[{"href":"https:\/\/sites.ecclesia.pt\/cv\/wp-json\/wp\/v2\/posts\/24247","targetHints":{"allow":["GET"]}}],"collection":[{"href":"https:\/\/sites.ecclesia.pt\/cv\/wp-json\/wp\/v2\/posts"}],"about":[{"href":"https:\/\/sites.ecclesia.pt\/cv\/wp-json\/wp\/v2\/types\/post"}],"author":[{"embeddable":true,"href":"https:\/\/sites.ecclesia.pt\/cv\/wp-json\/wp\/v2\/users\/1"}],"replies":[{"embeddable":true,"href":"https:\/\/sites.ecclesia.pt\/cv\/wp-json\/wp\/v2\/comments?post=24247"}],"version-history":[{"count":0,"href":"https:\/\/sites.ecclesia.pt\/cv\/wp-json\/wp\/v2\/posts\/24247\/revisions"}],"wp:attachment":[{"href":"https:\/\/sites.ecclesia.pt\/cv\/wp-json\/wp\/v2\/media?parent=24247"}],"wp:term":[{"taxonomy":"category","embeddable":true,"href":"https:\/\/sites.ecclesia.pt\/cv\/wp-json\/wp\/v2\/categories?post=24247"},{"taxonomy":"post_tag","embeddable":true,"href":"https:\/\/sites.ecclesia.pt\/cv\/wp-json\/wp\/v2\/tags?post=24247"}],"curies":[{"name":"wp","href":"https:\/\/api.w.org\/{rel}","templated":true}]}}