{"id":24248,"date":"2013-03-20T16:41:00","date_gmt":"2013-03-20T16:41:00","guid":{"rendered":"http:\/\/localhost:81\/wp1\/?p=24248"},"modified":"2013-03-20T16:41:00","modified_gmt":"2013-03-20T16:41:00","slug":"pascoa-missionaria-para-jovens-em-albergaria","status":"publish","type":"post","link":"https:\/\/sites.ecclesia.pt\/cv\/pascoa-missionaria-para-jovens-em-albergaria\/","title":{"rendered":"P\u00e1scoa mission\u00e1ria para jovens em Albergaria"},"content":{"rendered":"<p>A par\u00f3quia de Albergaria-a-Velha acolhe de 28 a 30 de mar\u00e7o a \u201cPascoa Mission\u00e1ria para Jovens\u201d, uma iniciativa da Fam\u00edlia Mission\u00e1ria Verbum Dei para que os jovens vivam a P\u00e1scoa de uma forma mission\u00e1ria e din\u00e2mica.<\/p>\n<p>\u201cEste encontro \u00e9 acolhido por uma par\u00f3quia, onde ficamos e celebramos em conjunto este tempo pascal e estamos presentes nas atividades paroquiais tradicionalmente vividas nesses dias, num ambiente fraterno entre todos\u201d, explica a Fam\u00edlia Mission\u00e1ria Verbum Dei, que adianta que \u201cfora das atividades paroquiais temos um hor\u00e1rio cheio de atividades divertidas e interessantes que vamos realizando ao longo destes tr\u00eas dias com todos os jovens que decidem aceitar este desafio\u201d.<\/p>\n<p>A \u201cPascoa Mission\u00e1ria para Jovens\u201d, aberta a todos os jovens interessados, realiza-se ainda no Porto e em Pombal. Mais informa\u00e7\u00f5es e inscri\u00e7\u00f5es pelos telem\u00f3veis 911732590 (Vilma Coelho) e 917327920 (P.e Oswaldo).<\/p>\n","protected":false},"excerpt":{"rendered":"<p>A par\u00f3quia de Albergaria-a-Velha acolhe de 28 a 30 de mar\u00e7o a \u201cPascoa Mission\u00e1ria para Jovens\u201d, uma iniciativa da Fam\u00edlia Mission\u00e1ria Verbum Dei para que os jovens vivam a P\u00e1scoa de uma forma mission\u00e1ria e din\u00e2mica. \u201cEste encontro \u00e9 acolhido por uma par\u00f3quia, onde ficamos e celebramos em conjunto este tempo pascal e estamos presentes [&hellip;]<\/p>\n","protected":false},"author":1,"featured_media":0,"comment_status":"open","ping_status":"open","sticky":false,"template":"","format":"standard","meta":{"footnotes":""},"categories":[51],"tags":[],"class_list":["post-24248","post","type-post","status-publish","format-standard","hentry","category-jovens"],"_links":{"self":[{"href":"https:\/\/sites.ecclesia.pt\/cv\/wp-json\/wp\/v2\/posts\/24248","targetHints":{"allow":["GET"]}}],"collection":[{"href":"https:\/\/sites.ecclesia.pt\/cv\/wp-json\/wp\/v2\/posts"}],"about":[{"href":"https:\/\/sites.ecclesia.pt\/cv\/wp-json\/wp\/v2\/types\/post"}],"author":[{"embeddable":true,"href":"https:\/\/sites.ecclesia.pt\/cv\/wp-json\/wp\/v2\/users\/1"}],"replies":[{"embeddable":true,"href":"https:\/\/sites.ecclesia.pt\/cv\/wp-json\/wp\/v2\/comments?post=24248"}],"version-history":[{"count":0,"href":"https:\/\/sites.ecclesia.pt\/cv\/wp-json\/wp\/v2\/posts\/24248\/revisions"}],"wp:attachment":[{"href":"https:\/\/sites.ecclesia.pt\/cv\/wp-json\/wp\/v2\/media?parent=24248"}],"wp:term":[{"taxonomy":"category","embeddable":true,"href":"https:\/\/sites.ecclesia.pt\/cv\/wp-json\/wp\/v2\/categories?post=24248"},{"taxonomy":"post_tag","embeddable":true,"href":"https:\/\/sites.ecclesia.pt\/cv\/wp-json\/wp\/v2\/tags?post=24248"}],"curies":[{"name":"wp","href":"https:\/\/api.w.org\/{rel}","templated":true}]}}