{"id":24572,"date":"2014-03-05T14:53:42","date_gmt":"2014-03-05T14:53:42","guid":{"rendered":"http:\/\/www.portal.ecclesia.pt\/cv\/?p=24572"},"modified":"2014-03-05T14:54:25","modified_gmt":"2014-03-05T14:54:25","slug":"messias","status":"publish","type":"post","link":"https:\/\/sites.ecclesia.pt\/cv\/messias\/","title":{"rendered":"Messias"},"content":{"rendered":"<h5 style=\"text-align: left;\">Po\u00e7o de Jacob &#8211; 189<\/h5>\n<p dir=\"LTR\" style=\"text-align: left;\" align=\"JUSTIFY\">A palavra &#8220;Messias&#8221; vem, por translitera\u00e7\u00e3o, do nome hebraico &#8220;Mashia&#8221; e corresponde, em grego, a &#8220;Christos&#8221;, e, em latim, a &#8220;Unctus&#8221;, que deu &#8220;Ungido&#8221;. Significam o esperado, o enviado, o escolhido\u2026 A ideia de um Messias \u00e9 produto de momentos hist\u00f3ricos de Israel, sobretudo nos tempos do Ex\u00edlio, pois, ap\u00f3s Salom\u00e3o, o territ\u00f3rio foi dividido em Reino do Norte, Israel, e Reino do Sul, Jud\u00e1, que caem, o primeiro nas m\u00e3os dos Ass\u00edrios, uns 700 anos antes de Cristo, e o segundo nas m\u00e3os da Babil\u00f3nia, uns 500 anos antes de Cristo, com a famosa deporta\u00e7\u00e3o para a Babil\u00f3nia de todas as riquezas que da\u00ed se colheram para a organiza\u00e7\u00e3o do juda\u00edsmo, como a inspira\u00e7\u00e3o para relatos b\u00edblicos como o epis\u00f3dio da Torre de Babel ou do Dil\u00favio, o surgir da sinagoga, muitos salmos e c\u00e2nticos e o desejo do Messias que viria restaurar o Reino perdido do povo eleito por Deus.<\/p>\n<p dir=\"LTR\" style=\"text-align: left;\" align=\"JUSTIFY\">\n<p dir=\"LTR\" style=\"text-align: left;\" align=\"JUSTIFY\"><strong>Vitor Espadilha<\/strong><\/p>\n<p dir=\"LTR\" style=\"text-align: left;\" align=\"JUSTIFY\">\n<p dir=\"LTR\" style=\"text-align: left;\" align=\"JUSTIFY\">\n<p dir=\"LTR\" style=\"text-align: left;\" align=\"JUSTIFY\"><strong>Leia o artigo completo na edi\u00e7\u00e3o em papel do dia 26 de fevereiro de 2014<\/strong><\/p>\n","protected":false},"excerpt":{"rendered":"<p>Po\u00e7o de Jacob &#8211; 189 A palavra &#8220;Messias&#8221; vem, por translitera\u00e7\u00e3o, do nome hebraico &#8220;Mashia&#8221; e corresponde, em grego, a &#8220;Christos&#8221;, e, em latim, a &#8220;Unctus&#8221;, que deu &#8220;Ungido&#8221;. Significam o esperado, o enviado, o escolhido\u2026 A ideia de um Messias \u00e9 produto de momentos hist\u00f3ricos de Israel, sobretudo nos tempos do Ex\u00edlio, pois, ap\u00f3s [&hellip;]<\/p>\n","protected":false},"author":3,"featured_media":0,"comment_status":"closed","ping_status":"open","sticky":false,"template":"","format":"standard","meta":{"footnotes":""},"categories":[52],"tags":[],"class_list":["post-24572","post","type-post","status-publish","format-standard","hentry","category-espiritualidade"],"_links":{"self":[{"href":"https:\/\/sites.ecclesia.pt\/cv\/wp-json\/wp\/v2\/posts\/24572","targetHints":{"allow":["GET"]}}],"collection":[{"href":"https:\/\/sites.ecclesia.pt\/cv\/wp-json\/wp\/v2\/posts"}],"about":[{"href":"https:\/\/sites.ecclesia.pt\/cv\/wp-json\/wp\/v2\/types\/post"}],"author":[{"embeddable":true,"href":"https:\/\/sites.ecclesia.pt\/cv\/wp-json\/wp\/v2\/users\/3"}],"replies":[{"embeddable":true,"href":"https:\/\/sites.ecclesia.pt\/cv\/wp-json\/wp\/v2\/comments?post=24572"}],"version-history":[{"count":2,"href":"https:\/\/sites.ecclesia.pt\/cv\/wp-json\/wp\/v2\/posts\/24572\/revisions"}],"predecessor-version":[{"id":24574,"href":"https:\/\/sites.ecclesia.pt\/cv\/wp-json\/wp\/v2\/posts\/24572\/revisions\/24574"}],"wp:attachment":[{"href":"https:\/\/sites.ecclesia.pt\/cv\/wp-json\/wp\/v2\/media?parent=24572"}],"wp:term":[{"taxonomy":"category","embeddable":true,"href":"https:\/\/sites.ecclesia.pt\/cv\/wp-json\/wp\/v2\/categories?post=24572"},{"taxonomy":"post_tag","embeddable":true,"href":"https:\/\/sites.ecclesia.pt\/cv\/wp-json\/wp\/v2\/tags?post=24572"}],"curies":[{"name":"wp","href":"https:\/\/api.w.org\/{rel}","templated":true}]}}