{"id":24575,"date":"2014-03-05T14:56:28","date_gmt":"2014-03-05T14:56:28","guid":{"rendered":"http:\/\/www.portal.ecclesia.pt\/cv\/?p=24575"},"modified":"2014-03-05T14:56:28","modified_gmt":"2014-03-05T14:56:28","slug":"nao-diga-nao-a-este-curso-de-gestao-2","status":"publish","type":"post","link":"https:\/\/sites.ecclesia.pt\/cv\/nao-diga-nao-a-este-curso-de-gestao-2\/","title":{"rendered":"N\u00e3o diga n\u00e3o a este curso de gest\u00e3o"},"content":{"rendered":"<p dir=\"LTR\" style=\"text-align: left;\" align=\"JUSTIFY\">Os neg\u00f3cios andam no melhor? Caiu na fossa? Procura casar-se? Doen\u00e7a grave? Quer ser Ministro? J\u00e1 \u00e9? Planeamento familiar? N\u00e3o tem cheta?&#8230;<\/p>\n<p dir=\"LTR\" style=\"text-align: left;\" align=\"JUSTIFY\">Pois n\u00e3o h\u00e1 problema que resista a este CURSO BREVE DE GEST\u00c3O. Sucesso garantido \u2013 \u00e9 uma receita diariamente infal\u00edvel.<\/p>\n<p dir=\"LTR\" style=\"text-align: left;\" align=\"JUSTIFY\">Talvez n\u00e3o concorde muito, mas o senhor respons\u00e1vel por este curso d\u00e1 pelo nome de Jesus de Nazar\u00e9.<\/p>\n<p dir=\"LTR\" style=\"text-align: left;\" align=\"JUSTIFY\">Aqui v\u00e3o alguns conte\u00fados program\u00e1ticos (por economia de espa\u00e7o, p\u00f5e-se tudo no masculino):<\/p>\n<p dir=\"LTR\" style=\"text-align: left;\" align=\"JUSTIFY\">1. N\u00e3o fique preso aos pensamentos \u00abstressantes\u00bb \u2013 como o sair da fossa ou aumentar o neg\u00f3cio. Isto \u00e9, n\u00e3o d\u00ea cabo do dia, \u00absempre \u00e0 volta sem parar\u00bb e voltando ao mesmo. (Mateus, o primeiro relator deste curso \u2013 j\u00e1 l\u00e1 v\u00e3o 2000 anos de sucessos! \u2013 usa muito o verbo grego <i>merimnao<\/i>, com o sentido principal de se deixar encher de preocupa\u00e7\u00f5es).<\/p>\n<p dir=\"LTR\" style=\"text-align: left;\" align=\"JUSTIFY\">\n<p dir=\"LTR\" style=\"text-align: left;\" align=\"JUSTIFY\"><strong>Manuel Alte da Veiga<\/strong><\/p>\n<p dir=\"LTR\" style=\"text-align: left;\" align=\"JUSTIFY\">m.alteveiga@netcabo.pt<\/p>\n<p>(Este texto n\u00e3o segue o novo Acordo Ortogr\u00e1fico)<\/p>\n<p>&nbsp;<\/p>\n<p>&nbsp;<\/p>\n<p>&nbsp;<\/p>\n<p><strong>Leia o artigo completo na edi\u00e7\u00e3o em papel do dia 26 de fevereiro de 2014<\/strong><\/p>\n<p dir=\"LTR\" style=\"text-align: left;\" align=\"JUSTIFY\">\n","protected":false},"excerpt":{"rendered":"<p>Os neg\u00f3cios andam no melhor? Caiu na fossa? Procura casar-se? Doen\u00e7a grave? Quer ser Ministro? J\u00e1 \u00e9? Planeamento familiar? N\u00e3o tem cheta?&#8230; Pois n\u00e3o h\u00e1 problema que resista a este CURSO BREVE DE GEST\u00c3O. Sucesso garantido \u2013 \u00e9 uma receita diariamente infal\u00edvel. Talvez n\u00e3o concorde muito, mas o senhor respons\u00e1vel por este curso d\u00e1 pelo [&hellip;]<\/p>\n","protected":false},"author":3,"featured_media":0,"comment_status":"closed","ping_status":"open","sticky":false,"template":"","format":"standard","meta":{"footnotes":""},"categories":[52],"tags":[],"class_list":["post-24575","post","type-post","status-publish","format-standard","hentry","category-espiritualidade"],"_links":{"self":[{"href":"https:\/\/sites.ecclesia.pt\/cv\/wp-json\/wp\/v2\/posts\/24575","targetHints":{"allow":["GET"]}}],"collection":[{"href":"https:\/\/sites.ecclesia.pt\/cv\/wp-json\/wp\/v2\/posts"}],"about":[{"href":"https:\/\/sites.ecclesia.pt\/cv\/wp-json\/wp\/v2\/types\/post"}],"author":[{"embeddable":true,"href":"https:\/\/sites.ecclesia.pt\/cv\/wp-json\/wp\/v2\/users\/3"}],"replies":[{"embeddable":true,"href":"https:\/\/sites.ecclesia.pt\/cv\/wp-json\/wp\/v2\/comments?post=24575"}],"version-history":[{"count":2,"href":"https:\/\/sites.ecclesia.pt\/cv\/wp-json\/wp\/v2\/posts\/24575\/revisions"}],"predecessor-version":[{"id":24577,"href":"https:\/\/sites.ecclesia.pt\/cv\/wp-json\/wp\/v2\/posts\/24575\/revisions\/24577"}],"wp:attachment":[{"href":"https:\/\/sites.ecclesia.pt\/cv\/wp-json\/wp\/v2\/media?parent=24575"}],"wp:term":[{"taxonomy":"category","embeddable":true,"href":"https:\/\/sites.ecclesia.pt\/cv\/wp-json\/wp\/v2\/categories?post=24575"},{"taxonomy":"post_tag","embeddable":true,"href":"https:\/\/sites.ecclesia.pt\/cv\/wp-json\/wp\/v2\/tags?post=24575"}],"curies":[{"name":"wp","href":"https:\/\/api.w.org\/{rel}","templated":true}]}}