{"id":24578,"date":"2014-03-05T15:20:18","date_gmt":"2014-03-05T15:20:18","guid":{"rendered":"http:\/\/www.portal.ecclesia.pt\/cv\/?p=24578"},"modified":"2014-03-05T15:21:27","modified_gmt":"2014-03-05T15:21:27","slug":"rostos-palavras-141","status":"publish","type":"post","link":"https:\/\/sites.ecclesia.pt\/cv\/rostos-palavras-141\/","title":{"rendered":"Rostos &#038; Palavras"},"content":{"rendered":"<figure id=\"attachment_24579\" aria-describedby=\"caption-attachment-24579\" style=\"width: 150px\" class=\"wp-caption aligncenter\"><a href=\"http:\/\/www.portal.ecclesia.pt\/cv\/wp-content\/uploads\/2014\/03\/Antonino-Dias.jpg\"><img loading=\"lazy\" decoding=\"async\" class=\"size-thumbnail wp-image-24579\" alt=\"D. Antonino Dias\" src=\"http:\/\/www.portal.ecclesia.pt\/cv\/wp-content\/uploads\/2014\/03\/Antonino-Dias-150x150.jpg\" width=\"150\" height=\"150\" \/><\/a><figcaption id=\"caption-attachment-24579\" class=\"wp-caption-text\">D. Antonino Dias<\/figcaption><\/figure>\n<p dir=\"LTR\" align=\"JUSTIFY\"><strong>&#8220;Como comunidade de vida e de amor, a fam\u00edlia crist\u00e3 procura que todos os seus membros cuidem do bem-estar e da promo\u00e7\u00e3o uns dos outros, n\u00e3o s\u00f3 no quotidiano da vida mas tamb\u00e9m aproveitando os momentos fortes que as circunst\u00e2ncias e a pr\u00f3pria vida v\u00e3o oferecendo&#8221;.<\/strong><\/p>\n<p>\u00a0<strong>D. Antonino Dias<\/strong>, bispo de Portalegre-Castelo Branco, na mensagem quaresmal, centrada na fam\u00edlia.<\/p>\n<figure id=\"attachment_24580\" aria-describedby=\"caption-attachment-24580\" style=\"width: 150px\" class=\"wp-caption aligncenter\"><a href=\"http:\/\/www.portal.ecclesia.pt\/cv\/wp-content\/uploads\/2014\/03\/Alfredo-Teixeira.jpg\"><img loading=\"lazy\" decoding=\"async\" class=\"size-thumbnail wp-image-24580\" alt=\"Alfredo Teixeira\" src=\"http:\/\/www.portal.ecclesia.pt\/cv\/wp-content\/uploads\/2014\/03\/Alfredo-Teixeira-150x150.jpg\" width=\"150\" height=\"150\" srcset=\"https:\/\/sites.ecclesia.pt\/cv\/wp-content\/uploads\/2014\/03\/Alfredo-Teixeira-150x150.jpg 150w, https:\/\/sites.ecclesia.pt\/cv\/wp-content\/uploads\/2014\/03\/Alfredo-Teixeira-300x300.jpg 300w, https:\/\/sites.ecclesia.pt\/cv\/wp-content\/uploads\/2014\/03\/Alfredo-Teixeira.jpg 326w\" sizes=\"auto, (max-width: 150px) 100vw, 150px\" \/><\/a><figcaption id=\"caption-attachment-24580\" class=\"wp-caption-text\">Alfredo Teixeira<\/figcaption><\/figure>\n<p>&nbsp;<\/p>\n<p dir=\"LTR\" align=\"JUSTIFY\"><strong>&#8220;O que \u00e9 verdadeiramente novo \u00e9 a aten\u00e7\u00e3o que sociedade em geral e em particular os cat\u00f3licos mostraram face a esta inquiri\u00e7\u00e3o.&#8221;<\/strong><\/p>\n<p dir=\"LTR\" align=\"JUSTIFY\"><strong>Alfredo Teixeira<\/strong>, soci\u00f3logo da Universidade Cat\u00f3lica Portuguesa, comentando o interesse gerado pelo question\u00e1rio para S\u00ednodo dos Bispos sobre a fam\u00edlia. As pessoas sentiram que o Papa estava &#8220;genuinamente interessado em ouvi-las&#8221;, defende.<\/p>\n<figure id=\"attachment_24583\" aria-describedby=\"caption-attachment-24583\" style=\"width: 150px\" class=\"wp-caption aligncenter\"><a href=\"http:\/\/www.portal.ecclesia.pt\/cv\/wp-content\/uploads\/2014\/03\/Vitalino.jpg\"><img loading=\"lazy\" decoding=\"async\" class=\"size-thumbnail wp-image-24583\" alt=\"D. Ant\u00f3nio Vitalino\" src=\"http:\/\/www.portal.ecclesia.pt\/cv\/wp-content\/uploads\/2014\/03\/Vitalino-150x150.jpg\" width=\"150\" height=\"150\" \/><\/a><figcaption id=\"caption-attachment-24583\" class=\"wp-caption-text\">D. Ant\u00f3nio Vitalino<\/figcaption><\/figure>\n<p dir=\"LTR\" align=\"JUSTIFY\"><strong>&#8220;Os crist\u00e3os s\u00e3o chamados a caminhar com leveza e agilidade ao encontro dos seus irm\u00e3os, a soerguer os marginalizados na berma dos caminhos da humanidade e a carreg\u00e1-los aos ombros para a integra\u00e7\u00e3o na comunidade humana&#8221;.<\/strong><\/p>\n<p><strong>D. Ant\u00f3nio Vitalino<\/strong>, bispo de Beja, na sua mensagem quaresmal.<\/p>\n","protected":false},"excerpt":{"rendered":"<p>&#8220;Como comunidade de vida e de amor, a fam\u00edlia crist\u00e3 procura que todos os seus membros cuidem do bem-estar e da promo\u00e7\u00e3o uns dos outros, n\u00e3o s\u00f3 no quotidiano da vida mas tamb\u00e9m aproveitando os momentos fortes que as circunst\u00e2ncias e a pr\u00f3pria vida v\u00e3o oferecendo&#8221;. \u00a0D. Antonino Dias, bispo de Portalegre-Castelo Branco, na mensagem [&hellip;]<\/p>\n","protected":false},"author":3,"featured_media":0,"comment_status":"closed","ping_status":"open","sticky":false,"template":"","format":"standard","meta":{"footnotes":""},"categories":[44,53],"tags":[],"class_list":["post-24578","post","type-post","status-publish","format-standard","hentry","category-igreja","category-igreja-em-portugal"],"_links":{"self":[{"href":"https:\/\/sites.ecclesia.pt\/cv\/wp-json\/wp\/v2\/posts\/24578","targetHints":{"allow":["GET"]}}],"collection":[{"href":"https:\/\/sites.ecclesia.pt\/cv\/wp-json\/wp\/v2\/posts"}],"about":[{"href":"https:\/\/sites.ecclesia.pt\/cv\/wp-json\/wp\/v2\/types\/post"}],"author":[{"embeddable":true,"href":"https:\/\/sites.ecclesia.pt\/cv\/wp-json\/wp\/v2\/users\/3"}],"replies":[{"embeddable":true,"href":"https:\/\/sites.ecclesia.pt\/cv\/wp-json\/wp\/v2\/comments?post=24578"}],"version-history":[{"count":2,"href":"https:\/\/sites.ecclesia.pt\/cv\/wp-json\/wp\/v2\/posts\/24578\/revisions"}],"predecessor-version":[{"id":24585,"href":"https:\/\/sites.ecclesia.pt\/cv\/wp-json\/wp\/v2\/posts\/24578\/revisions\/24585"}],"wp:attachment":[{"href":"https:\/\/sites.ecclesia.pt\/cv\/wp-json\/wp\/v2\/media?parent=24578"}],"wp:term":[{"taxonomy":"category","embeddable":true,"href":"https:\/\/sites.ecclesia.pt\/cv\/wp-json\/wp\/v2\/categories?post=24578"},{"taxonomy":"post_tag","embeddable":true,"href":"https:\/\/sites.ecclesia.pt\/cv\/wp-json\/wp\/v2\/tags?post=24578"}],"curies":[{"name":"wp","href":"https:\/\/api.w.org\/{rel}","templated":true}]}}