{"id":247,"date":"2010-01-08T10:14:00","date_gmt":"2010-01-08T10:14:00","guid":{"rendered":"http:\/\/localhost:81\/wp1\/?p=247"},"modified":"2010-01-08T10:14:00","modified_gmt":"2010-01-08T10:14:00","slug":"sociedade-biblica-apresnta-biblia-do-surfista","status":"publish","type":"post","link":"https:\/\/sites.ecclesia.pt\/cv\/sociedade-biblica-apresnta-biblia-do-surfista\/","title":{"rendered":"Sociedade B\u00edblica apresnta \u00abB\u00edblia do Surfista\u00bb"},"content":{"rendered":"<p>Breve <!--more--> Foi apresentada em Lisboa a \u00abB\u00edblia do Surfista\u00bb.<\/p>\n<p>Nuno Ros\u00e1rio, l\u00edder dos Christian Surfers, disse \u00e0 ag\u00eancia Lusa que depois de ter ido morar para a Ericeira, para perto das ondas e da comunidade surfista, descobriu que muitos jovens procuram uma rela\u00e7\u00e3o com uma comunidade espiritual, mas \u201cest\u00e3o escondidos\u201d. Para responder a esta procura, \u00e0 semelhan\u00e7a do que j\u00e1 acontece noutros pa\u00edses, surge agora esta vers\u00e3o em linguagem adaptada, numa edi\u00e7\u00e3o da Sociedade B\u00edblica\/Christian Surfers Portugal.<\/p>\n","protected":false},"excerpt":{"rendered":"<p>Breve<\/p>\n","protected":false},"author":1,"featured_media":0,"comment_status":"open","ping_status":"open","sticky":false,"template":"","format":"standard","meta":{"footnotes":""},"categories":[53],"tags":[],"class_list":["post-247","post","type-post","status-publish","format-standard","hentry","category-igreja-em-portugal"],"_links":{"self":[{"href":"https:\/\/sites.ecclesia.pt\/cv\/wp-json\/wp\/v2\/posts\/247","targetHints":{"allow":["GET"]}}],"collection":[{"href":"https:\/\/sites.ecclesia.pt\/cv\/wp-json\/wp\/v2\/posts"}],"about":[{"href":"https:\/\/sites.ecclesia.pt\/cv\/wp-json\/wp\/v2\/types\/post"}],"author":[{"embeddable":true,"href":"https:\/\/sites.ecclesia.pt\/cv\/wp-json\/wp\/v2\/users\/1"}],"replies":[{"embeddable":true,"href":"https:\/\/sites.ecclesia.pt\/cv\/wp-json\/wp\/v2\/comments?post=247"}],"version-history":[{"count":0,"href":"https:\/\/sites.ecclesia.pt\/cv\/wp-json\/wp\/v2\/posts\/247\/revisions"}],"wp:attachment":[{"href":"https:\/\/sites.ecclesia.pt\/cv\/wp-json\/wp\/v2\/media?parent=247"}],"wp:term":[{"taxonomy":"category","embeddable":true,"href":"https:\/\/sites.ecclesia.pt\/cv\/wp-json\/wp\/v2\/categories?post=247"},{"taxonomy":"post_tag","embeddable":true,"href":"https:\/\/sites.ecclesia.pt\/cv\/wp-json\/wp\/v2\/tags?post=247"}],"curies":[{"name":"wp","href":"https:\/\/api.w.org\/{rel}","templated":true}]}}