{"id":25,"date":"2006-04-03T14:44:00","date_gmt":"2006-04-03T14:44:00","guid":{"rendered":"http:\/\/localhost:81\/wp1\/?p=25"},"modified":"2006-04-03T14:44:00","modified_gmt":"2006-04-03T14:44:00","slug":"no-dia-18-com-mais-sangue-e-saude","status":"publish","type":"post","link":"https:\/\/sites.ecclesia.pt\/cv\/no-dia-18-com-mais-sangue-e-saude\/","title":{"rendered":"No dia 18 com mais sangue e sa\u00fade"},"content":{"rendered":"<p>H\u00e1 muita gente e institui\u00e7\u00f5es por a\u00ed que precisam de sangue, porventura, como de p\u00e3o para a boca.<\/p>\n<p>A marcha-campanha tende a dar bons frutos. Uns que d\u00e3o sangue, outros que proclamam que \u00e9 necess\u00e1rio ser volunt\u00e1rio dispon\u00edvel para os que precisam de sangue.<\/p>\n<p>Na continua\u00e7\u00e3o doutras, o Lions de Santa Joana Prin-cesa de Aveiro vai levar a efeito, no pr\u00f3ximo dia 18, no Sal\u00e3o dos Bombeiros Novos, mais um gesto de solidariedade a iniciar pelas 9 e a terminar \u00e0s 13 horas, com uma organiza\u00e7\u00e3o do Instituto Portugu\u00eas de Sangue.<\/p>\n<p>Segundo os seus organizadores, a \u00faltima recolha ocorreu no mesmo local e superou todas as expectativas, com cem dadores a dizerem presente. <\/p>\n<p>Espera-se que desta vez ainda apare\u00e7a mais gente, muito em especial gente nova, com o sangue na guelra.<\/p>\n","protected":false},"excerpt":{"rendered":"<p>H\u00e1 muita gente e institui\u00e7\u00f5es por a\u00ed que precisam de sangue, porventura, como de p\u00e3o para a boca. A marcha-campanha tende a dar bons frutos. Uns que d\u00e3o sangue, outros que proclamam que \u00e9 necess\u00e1rio ser volunt\u00e1rio dispon\u00edvel para os que precisam de sangue. Na continua\u00e7\u00e3o doutras, o Lions de Santa Joana Prin-cesa de Aveiro [&hellip;]<\/p>\n","protected":false},"author":1,"featured_media":0,"comment_status":"open","ping_status":"open","sticky":false,"template":"","format":"standard","meta":{"footnotes":""},"categories":[64],"tags":[],"class_list":["post-25","post","type-post","status-publish","format-standard","hentry","category-geral"],"_links":{"self":[{"href":"https:\/\/sites.ecclesia.pt\/cv\/wp-json\/wp\/v2\/posts\/25","targetHints":{"allow":["GET"]}}],"collection":[{"href":"https:\/\/sites.ecclesia.pt\/cv\/wp-json\/wp\/v2\/posts"}],"about":[{"href":"https:\/\/sites.ecclesia.pt\/cv\/wp-json\/wp\/v2\/types\/post"}],"author":[{"embeddable":true,"href":"https:\/\/sites.ecclesia.pt\/cv\/wp-json\/wp\/v2\/users\/1"}],"replies":[{"embeddable":true,"href":"https:\/\/sites.ecclesia.pt\/cv\/wp-json\/wp\/v2\/comments?post=25"}],"version-history":[{"count":0,"href":"https:\/\/sites.ecclesia.pt\/cv\/wp-json\/wp\/v2\/posts\/25\/revisions"}],"wp:attachment":[{"href":"https:\/\/sites.ecclesia.pt\/cv\/wp-json\/wp\/v2\/media?parent=25"}],"wp:term":[{"taxonomy":"category","embeddable":true,"href":"https:\/\/sites.ecclesia.pt\/cv\/wp-json\/wp\/v2\/categories?post=25"},{"taxonomy":"post_tag","embeddable":true,"href":"https:\/\/sites.ecclesia.pt\/cv\/wp-json\/wp\/v2\/tags?post=25"}],"curies":[{"name":"wp","href":"https:\/\/api.w.org\/{rel}","templated":true}]}}