{"id":26,"date":"2006-04-03T14:44:00","date_gmt":"2006-04-03T14:44:00","guid":{"rendered":"http:\/\/localhost:81\/wp1\/?p=26"},"modified":"2006-04-03T14:44:00","modified_gmt":"2006-04-03T14:44:00","slug":"mais-de-uma-centena-de-acidentes","status":"publish","type":"post","link":"https:\/\/sites.ecclesia.pt\/cv\/mais-de-uma-centena-de-acidentes\/","title":{"rendered":"Mais de uma centena de acidentes"},"content":{"rendered":"<p>Numa s\u00f3 semana <!--more--> Na regi\u00e3o de Aveiro, o Grupo Territorial da GNR  registou, durante a semana passada, 102 acidentes de via\u00e7\u00e3o entre colis\u00f5es, despistes e atropelamentos, dos quais resultaram um morto, um ferido grave e 31 feridos ligeiros.<\/p>\n<p>Refira-se que na opera\u00e7\u00e3o levada a cabo na zona de Aveiro pela GNR local, foram detidos 18 indiv\u00edduos sob a influ\u00eancia de \u00e1lcool e cinco por condu\u00e7\u00e3o ilegal e lavrados 231 autos de contra-ordena\u00e7\u00e3o.<\/p>\n","protected":false},"excerpt":{"rendered":"<p>Numa s\u00f3 semana<\/p>\n","protected":false},"author":1,"featured_media":0,"comment_status":"open","ping_status":"open","sticky":false,"template":"","format":"standard","meta":{"footnotes":""},"categories":[64],"tags":[],"class_list":["post-26","post","type-post","status-publish","format-standard","hentry","category-geral"],"_links":{"self":[{"href":"https:\/\/sites.ecclesia.pt\/cv\/wp-json\/wp\/v2\/posts\/26","targetHints":{"allow":["GET"]}}],"collection":[{"href":"https:\/\/sites.ecclesia.pt\/cv\/wp-json\/wp\/v2\/posts"}],"about":[{"href":"https:\/\/sites.ecclesia.pt\/cv\/wp-json\/wp\/v2\/types\/post"}],"author":[{"embeddable":true,"href":"https:\/\/sites.ecclesia.pt\/cv\/wp-json\/wp\/v2\/users\/1"}],"replies":[{"embeddable":true,"href":"https:\/\/sites.ecclesia.pt\/cv\/wp-json\/wp\/v2\/comments?post=26"}],"version-history":[{"count":0,"href":"https:\/\/sites.ecclesia.pt\/cv\/wp-json\/wp\/v2\/posts\/26\/revisions"}],"wp:attachment":[{"href":"https:\/\/sites.ecclesia.pt\/cv\/wp-json\/wp\/v2\/media?parent=26"}],"wp:term":[{"taxonomy":"category","embeddable":true,"href":"https:\/\/sites.ecclesia.pt\/cv\/wp-json\/wp\/v2\/categories?post=26"},{"taxonomy":"post_tag","embeddable":true,"href":"https:\/\/sites.ecclesia.pt\/cv\/wp-json\/wp\/v2\/tags?post=26"}],"curies":[{"name":"wp","href":"https:\/\/api.w.org\/{rel}","templated":true}]}}