{"id":26362,"date":"2015-10-30T10:28:51","date_gmt":"2015-10-30T10:28:51","guid":{"rendered":"http:\/\/www.portal.ecclesia.pt\/cv\/?p=26362"},"modified":"2015-10-30T10:28:51","modified_gmt":"2015-10-30T10:28:51","slug":"catequese-familiar-um-desafio-urgente-a-assumir-por-todos","status":"publish","type":"post","link":"https:\/\/sites.ecclesia.pt\/cv\/catequese-familiar-um-desafio-urgente-a-assumir-por-todos\/","title":{"rendered":"Catequese familiar, um desafio urgente a assumir por todos"},"content":{"rendered":"<p><strong>\u00c9 importante come\u00e7armos a ver novos caminhos para a catequese. H\u00e1 experi\u00eancias muito interessantes na catequese familiar.<\/strong><\/p>\n<p>&nbsp;<\/p>\n<p>Todos nos queixamos do div\u00f3rcio que existe entre a proposta que a Igreja faz \u00e0s crian\u00e7as e adolescentes em catequese e a resposta que a fam\u00edlia e as pr\u00f3prias crian\u00e7as\/adolescentes d\u00e3o.<br \/>\nH\u00e1 uma queixa generalizada: ainda temos bastantes crian\u00e7as em catequese, mas h\u00e1 uma cada vez maior aus\u00eancia de crian\u00e7as na Eucaristia ou celebra\u00e7\u00f5es eclesiais. A nossa oferta n\u00e3o corresponde \u00e0s suas procuras.<br \/>\nArmando Mateo escreve: \u201cA vida das novas gera\u00e7\u00f5es acusa um surdez geral a tudo o que diga respeito a Deus, \u00e0 f\u00e9, \u00e1 ora\u00e7\u00e3o, \u00e0 comunidade. Uma surdez que denota incredulidade, ou seja, uma aus\u00eancia de antenas para aquilo que a Igreja \u00e9 e realiza, quando vive e celebra o Evangelho\u201d. E, mais adiante, o mesmo autor escreve: \u201cAs fam\u00edlias atuais aprenderam a arranjar-se sem Deus e o mesmo ensinaram a fazer aos seus filhos&#8230;\u201d<br \/>\nOutro autor afirma: \u201cO vazio da presen\u00e7a dos pais depois do batismo \u00e9 simplesmente espelho do nosso vazio de propostas\u201d.<br \/>\nComo catequeta, penso que o problema atual est\u00e1 na fam\u00edlia. Se queremos ser fi\u00e9is a Jesus Cristo, teremos que ir \u00e0 raiz do problema, a fam\u00edlia. Como?<br \/>\nTemos hoje que ser ousados e criativos e n\u00e3o repetitivos.<br \/>\nH\u00e1 par\u00f3quias que t\u00eam muito poucas crian\u00e7as, o que implica que se tenha que alterar o modelo de catequese: n\u00e3o uma catequese por grupos, mas uma catequese da comunidade, com a necess\u00e1ria presen\u00e7a dos pais.<br \/>\nH\u00e1 par\u00f3quias que t\u00eam ainda bastantes crian\u00e7as em catequese, mas uma aus\u00eancia inquietante na Eucaristia.<br \/>\nH\u00e1 experi\u00eancias muito interessantes que est\u00e3o a surgir, mesmo aqui na nossa Diocese. Atrevo-me a referir uma em que participei h\u00e1 dias. Fui celebrar a Eucaristia numa par\u00f3quia pequena da serra. A celebra\u00e7\u00e3o era \u00e0s 16h30. Logo que cheguei admirei-me pelo ambiente f\u00edsico: uma Igreja cheia de crian\u00e7as, ladeada por todos os pais e por muitos adultos. Uma Eucaristia com uma participa\u00e7\u00e3o maravilhosa a partir da pr\u00f3pria fam\u00edlia. E quando, encantado, disse que iria convidar o grupo coral a vir \u00e0 par\u00f3quia onde estou, logo ouvi um coro de pais responderem: \u201cMas o coro somos n\u00f3s. N\u00f3s \u00e9 que vamos\u201d.<br \/>\nParab\u00e9ns \u00e0 ousadia do p\u00e1roco que acreditou! Parab\u00e9ns aos pais que aceitaram o desafio. Parab\u00e9ns \u00e0 comunidade que fica mais rica com a participa\u00e7\u00e3o de todos a come\u00e7ar pela fam\u00edlia.<br \/>\nPara dialogarmos sobre este assunto da catequese familiar iremos ter um encontro aberto no dia 6 de novembro, no sal\u00e3o do Semin\u00e1rio de Aveiro, \u00e0s 21h00. Podem participar sacerdotes, catequistas, pais, adultos&#8230;<\/p>\n<p>&nbsp;<\/p>\n<p><strong>P.e Joaquim Martins<\/strong><br \/>\n<em>Diretor do Secretariado de Educa\u00e7\u00e3o Crist\u00e3<\/em><\/p>\n","protected":false},"excerpt":{"rendered":"<p>\u00c9 importante come\u00e7armos a ver novos caminhos para a catequese. H\u00e1 experi\u00eancias muito interessantes na catequese familiar. &nbsp; Todos nos queixamos do div\u00f3rcio que existe entre a proposta que a Igreja faz \u00e0s crian\u00e7as e adolescentes em catequese e a resposta que a fam\u00edlia e as pr\u00f3prias crian\u00e7as\/adolescentes d\u00e3o. H\u00e1 uma queixa generalizada: ainda temos [&hellip;]<\/p>\n","protected":false},"author":3,"featured_media":0,"comment_status":"closed","ping_status":"closed","sticky":false,"template":"","format":"standard","meta":{"footnotes":""},"categories":[70],"tags":[],"class_list":["post-26362","post","type-post","status-publish","format-standard","hentry","category-diocese"],"_links":{"self":[{"href":"https:\/\/sites.ecclesia.pt\/cv\/wp-json\/wp\/v2\/posts\/26362","targetHints":{"allow":["GET"]}}],"collection":[{"href":"https:\/\/sites.ecclesia.pt\/cv\/wp-json\/wp\/v2\/posts"}],"about":[{"href":"https:\/\/sites.ecclesia.pt\/cv\/wp-json\/wp\/v2\/types\/post"}],"author":[{"embeddable":true,"href":"https:\/\/sites.ecclesia.pt\/cv\/wp-json\/wp\/v2\/users\/3"}],"replies":[{"embeddable":true,"href":"https:\/\/sites.ecclesia.pt\/cv\/wp-json\/wp\/v2\/comments?post=26362"}],"version-history":[{"count":1,"href":"https:\/\/sites.ecclesia.pt\/cv\/wp-json\/wp\/v2\/posts\/26362\/revisions"}],"predecessor-version":[{"id":26363,"href":"https:\/\/sites.ecclesia.pt\/cv\/wp-json\/wp\/v2\/posts\/26362\/revisions\/26363"}],"wp:attachment":[{"href":"https:\/\/sites.ecclesia.pt\/cv\/wp-json\/wp\/v2\/media?parent=26362"}],"wp:term":[{"taxonomy":"category","embeddable":true,"href":"https:\/\/sites.ecclesia.pt\/cv\/wp-json\/wp\/v2\/categories?post=26362"},{"taxonomy":"post_tag","embeddable":true,"href":"https:\/\/sites.ecclesia.pt\/cv\/wp-json\/wp\/v2\/tags?post=26362"}],"curies":[{"name":"wp","href":"https:\/\/api.w.org\/{rel}","templated":true}]}}