{"id":26364,"date":"2015-10-30T10:37:03","date_gmt":"2015-10-30T10:37:03","guid":{"rendered":"http:\/\/www.portal.ecclesia.pt\/cv\/?p=26364"},"modified":"2015-10-30T10:37:03","modified_gmt":"2015-10-30T10:37:03","slug":"bispo-de-aveiro-insiste-na-formacao-crista-e-na-fe-missionaria","status":"publish","type":"post","link":"https:\/\/sites.ecclesia.pt\/cv\/bispo-de-aveiro-insiste-na-formacao-crista-e-na-fe-missionaria\/","title":{"rendered":"Bispo de Aveiro insiste na &#8220;forma\u00e7\u00e3o crist\u00e3&#8221; e na f\u00e9 mission\u00e1ria"},"content":{"rendered":"<figure id=\"attachment_26365\" aria-describedby=\"caption-attachment-26365\" style=\"width: 740px\" class=\"wp-caption alignnone\"><a href=\"http:\/\/www.portal.ecclesia.pt\/cv\/wp-content\/uploads\/2015\/10\/batismo.jpg\"><img loading=\"lazy\" decoding=\"async\" class=\"size-full wp-image-26365\" src=\"http:\/\/www.portal.ecclesia.pt\/cv\/wp-content\/uploads\/2015\/10\/batismo.jpg\" alt=\"D. Ant\u00f3nio Moiteiro ministrou os sacramentos da inicia\u00e7\u00e3o crist\u00e3 a Francisco\" width=\"740\" height=\"555\" srcset=\"https:\/\/sites.ecclesia.pt\/cv\/wp-content\/uploads\/2015\/10\/batismo.jpg 740w, https:\/\/sites.ecclesia.pt\/cv\/wp-content\/uploads\/2015\/10\/batismo-300x225.jpg 300w\" sizes=\"auto, (max-width: 740px) 100vw, 740px\" \/><\/a><figcaption id=\"caption-attachment-26365\" class=\"wp-caption-text\">D. Ant\u00f3nio Moiteiro ministrou os sacramentos da inicia\u00e7\u00e3o crist\u00e3 a Francisco<\/figcaption><\/figure>\n<p><strong>Visita pastoral a \u00c1gueda come\u00e7ou pela par\u00f3quia de Recard\u00e3es. D. Ant\u00f3nio Moiteiro pediu aos crist\u00e3os mais \u201cf\u00e9 de disc\u00edpulos e menos de tradi\u00e7\u00f5es\u201d.<\/strong><\/p>\n<p>&nbsp;<\/p>\n<p>D. Ant\u00f3nio Moiteiro pediu no domingo \u00e0 par\u00f3quia de Recard\u00e3es uma \u201cmudan\u00e7a de mentalidade\u201d, para que a f\u00e9 da comunidade seja mais \u201cf\u00e9 de disc\u00edpulos e menos de tradi\u00e7\u00f5es\u201d.<br \/>\nNa Eucaristia que assinalou a conclus\u00e3o da visita pastoral, embora no pr\u00f3ximo s\u00e1bado ainda tenha em Recard\u00e3es um encontro com jovens, seguido de Missa vespertina, o Bispo de Aveiro alertou para uma \u201cfalha das comunidades crist\u00e3s\u201d que consiste em ter \u201cuma f\u00e9 muito centrada em n\u00f3s\u201d. \u201cPrecisamos de olhar mais para fora, de sermos mission\u00e1rios. A f\u00e9 vive-se l\u00e1 fora. O crist\u00e3o \u00e9 aquele que procura transmitir o Evangelho no dia a dia\u201d, disse. Por outro lado, o prelado sublinhou que \u00e9 necess\u00e1rio ter mais \u201cforma\u00e7\u00e3o crist\u00e3\u201d de adultos, n\u00e3o apenas de crian\u00e7as e de jovens. \u201cSe quereis uma palavra de amigo, quem mais precisa de catequese sois v\u00f3s. A catequese tem de passar pelos adultos. Mal do padre ou do bispo que m\u00e3o se atualiza. O mesmo se passa com todos os crist\u00e3os\u201d, disse.<br \/>\nDurante a semana, D. Ant\u00f3nio Moiteiro encontrou-se com grupos de crist\u00e3os nas quatro capelas da par\u00f3quia aguedense, visitou escolas e o Centro Social Paroquial, celebrou com e para doentes e encontrou-se com agentes pastorais. Nesta assembleia paroquial participaram quatro dezenas de pessoas. \u201cN\u00e3o foi um encontro muito concorrido. Eu esperava mais participa\u00e7\u00e3o\u201d, disse ao Correio do Vouga o P.e Ant\u00f3nio Costa Leite, p\u00e1roco de Recard\u00e3es desde 2004. Conversando com os agentes pastorais da par\u00f3quia, D. Ant\u00f3nio Moiteiro verificou que h\u00e1 um grupo significativo que se dedica \u00e0 evangeliza\u00e7\u00e3o, h\u00e1 outro numeroso na liturgia, mas j\u00e1 h\u00e1 menos gente empenhada na caridade, o que n\u00e3o deixa de ser uma lacuna no testemunho crist\u00e3o, apesar de a par\u00f3quia ter um centro social de reconhecido dinamismo. Por isso, o Bispo de Aveiro insistiu na dimens\u00e3o caritativa da evangeliza\u00e7\u00e3o.<br \/>\nNa celebra\u00e7\u00e3o de domingo, D. Ant\u00f3nio Moiteiro real\u00e7ou que a par\u00f3quia pode fazer mais pelas voca\u00e7\u00f5es, ainda que tenha dois seminaristas. Informou, ali\u00e1s, que o jovem Gustavo ser\u00e1 ordenado di\u00e1cono no encerramento da semana dos semin\u00e1rios, no dia 15 de novembro, \u00e0s 16 horas, na par\u00f3quia onde colabora, a Branca. Por outro lado, ministrou os sacramentos da inicia\u00e7\u00e3o crist\u00e3 (Batismo, Confirma\u00e7\u00e3o e Eucaristia) a um adulto. \u201cDeus continua a chamar, a bater \u00e0 porta\u201d, disse D. Ant\u00f3nio, observando que situa\u00e7\u00f5es deste g\u00e9nero s\u00e3o cada vez mais comuns. Mais tarde, adiantou a este jornal, a t\u00edtulo de exemplo, que no ano passado, na diocese de Set\u00fabal, 160 adultos receberam os sacramentos da inicia\u00e7\u00e3o crist\u00e3 e cerca de 400 adultos o Crisma.<br \/>\nEsta semana, a visita pastoral do Bispo de Aveiro prossegue em Agad\u00e3o e Belazaima do Ch\u00e3o.<\/p>\n<p>&nbsp;<\/p>\n<p><strong>J.P.F.<\/strong><\/p>\n","protected":false},"excerpt":{"rendered":"<p>Visita pastoral a \u00c1gueda come\u00e7ou pela par\u00f3quia de Recard\u00e3es. D. Ant\u00f3nio Moiteiro pediu aos crist\u00e3os mais \u201cf\u00e9 de disc\u00edpulos e menos de tradi\u00e7\u00f5es\u201d. &nbsp; D. Ant\u00f3nio Moiteiro pediu no domingo \u00e0 par\u00f3quia de Recard\u00e3es uma \u201cmudan\u00e7a de mentalidade\u201d, para que a f\u00e9 da comunidade seja mais \u201cf\u00e9 de disc\u00edpulos e menos de tradi\u00e7\u00f5es\u201d. Na Eucaristia [&hellip;]<\/p>\n","protected":false},"author":3,"featured_media":26366,"comment_status":"closed","ping_status":"closed","sticky":false,"template":"","format":"standard","meta":{"footnotes":""},"categories":[38],"tags":[],"class_list":["post-26364","post","type-post","status-publish","format-standard","has-post-thumbnail","hentry","category-destaque"],"_links":{"self":[{"href":"https:\/\/sites.ecclesia.pt\/cv\/wp-json\/wp\/v2\/posts\/26364","targetHints":{"allow":["GET"]}}],"collection":[{"href":"https:\/\/sites.ecclesia.pt\/cv\/wp-json\/wp\/v2\/posts"}],"about":[{"href":"https:\/\/sites.ecclesia.pt\/cv\/wp-json\/wp\/v2\/types\/post"}],"author":[{"embeddable":true,"href":"https:\/\/sites.ecclesia.pt\/cv\/wp-json\/wp\/v2\/users\/3"}],"replies":[{"embeddable":true,"href":"https:\/\/sites.ecclesia.pt\/cv\/wp-json\/wp\/v2\/comments?post=26364"}],"version-history":[{"count":1,"href":"https:\/\/sites.ecclesia.pt\/cv\/wp-json\/wp\/v2\/posts\/26364\/revisions"}],"predecessor-version":[{"id":26367,"href":"https:\/\/sites.ecclesia.pt\/cv\/wp-json\/wp\/v2\/posts\/26364\/revisions\/26367"}],"wp:featuredmedia":[{"embeddable":true,"href":"https:\/\/sites.ecclesia.pt\/cv\/wp-json\/wp\/v2\/media\/26366"}],"wp:attachment":[{"href":"https:\/\/sites.ecclesia.pt\/cv\/wp-json\/wp\/v2\/media?parent=26364"}],"wp:term":[{"taxonomy":"category","embeddable":true,"href":"https:\/\/sites.ecclesia.pt\/cv\/wp-json\/wp\/v2\/categories?post=26364"},{"taxonomy":"post_tag","embeddable":true,"href":"https:\/\/sites.ecclesia.pt\/cv\/wp-json\/wp\/v2\/tags?post=26364"}],"curies":[{"name":"wp","href":"https:\/\/api.w.org\/{rel}","templated":true}]}}