{"id":26816,"date":"2016-06-24T08:54:06","date_gmt":"2016-06-24T08:54:06","guid":{"rendered":"http:\/\/www.portal.ecclesia.pt\/cv\/?p=26816"},"modified":"2016-06-24T08:54:06","modified_gmt":"2016-06-24T08:54:06","slug":"santo-antonio-de-vagos-comemora-60-anos-de-paroquia","status":"publish","type":"post","link":"https:\/\/sites.ecclesia.pt\/cv\/santo-antonio-de-vagos-comemora-60-anos-de-paroquia\/","title":{"rendered":"Santo Ant\u00f3nio de Vagos comemora 60 anos de par\u00f3quia"},"content":{"rendered":"<figure id=\"attachment_26817\" aria-describedby=\"caption-attachment-26817\" style=\"width: 400px\" class=\"wp-caption alignnone\"><a href=\"http:\/\/www.portal.ecclesia.pt\/cv\/wp-content\/uploads\/2016\/06\/santonio.jpg\" rel=\"attachment wp-att-26817\"><img loading=\"lazy\" decoding=\"async\" class=\"size-full wp-image-26817\" src=\"http:\/\/www.portal.ecclesia.pt\/cv\/wp-content\/uploads\/2016\/06\/santonio.jpg\" alt=\"Igreja paroquial  de Santo Ant\u00f3nio de Vagos\" width=\"400\" height=\"533\" srcset=\"https:\/\/sites.ecclesia.pt\/cv\/wp-content\/uploads\/2016\/06\/santonio.jpg 400w, https:\/\/sites.ecclesia.pt\/cv\/wp-content\/uploads\/2016\/06\/santonio-225x300.jpg 225w\" sizes=\"auto, (max-width: 400px) 100vw, 400px\" \/><\/a><figcaption id=\"caption-attachment-26817\" class=\"wp-caption-text\">Igreja paroquial<br \/>de Santo Ant\u00f3nio de Vagos<\/figcaption><\/figure>\n<p>A Par\u00f3quia de Santo Ant\u00f3nio de Vagos est\u00e1 a comemorar 60 anos de funda\u00e7\u00e3o. Foi criada no dia 29 de junho de 1956 por D. Jo\u00e3o Evangelista de Lima Vidal.<br \/>\nNa sexta-feira, 24 de junho, \u00e0s 21h30, haver\u00e1 um Concerto pelo Coro da Catedral de Aveiro na Igreja Paroquial, que interpretar\u00e1, sob a dire\u00e7\u00e3o de Ant\u00f3nio M\u00e1rio Costa, polifonia sacra de v\u00e1rios per\u00edodos hist\u00f3ricos.<br \/>\nNo dia 29 de junho, pelas 19h30, ser\u00e1 celebrada a Eucaristia, presidida por D. Ant\u00f3nio Moiteiro, Bispo de Aveiro, \u00e0 qual se seguir\u00e1 a abertura da exposi\u00e7\u00e3o comemorativa, que ficar\u00e1 patente no Sal\u00e3o Paroquial at\u00e9 15 de agosto, e jantar volante, aberto a todos, na Casa Gandareza, em Santo Ant\u00f3nio de Vagos. Para o jantar, as pessoas s\u00e3o convidadas a levar algo para partilhar.<br \/>\nEst\u00e1 ainda prevista uma catequese sobre a Hist\u00f3ria da Par\u00f3quia para crian\u00e7as, adolescentes e jovens.<br \/>\nA par\u00f3quia pretende que as comemora\u00e7\u00f5es &#8211; todos os eventos s\u00e3o de entrada livre &#8211; sejam uma oportunidade para \u201creviver o passado vivo das gentes de Santo Ant\u00f3nio e renovar a esperan\u00e7a no futuro\u201d.<\/p>\n","protected":false},"excerpt":{"rendered":"<p>A Par\u00f3quia de Santo Ant\u00f3nio de Vagos est\u00e1 a comemorar 60 anos de funda\u00e7\u00e3o. Foi criada no dia 29 de junho de 1956 por D. Jo\u00e3o Evangelista de Lima Vidal. Na sexta-feira, 24 de junho, \u00e0s 21h30, haver\u00e1 um Concerto pelo Coro da Catedral de Aveiro na Igreja Paroquial, que interpretar\u00e1, sob a dire\u00e7\u00e3o de [&hellip;]<\/p>\n","protected":false},"author":3,"featured_media":0,"comment_status":"closed","ping_status":"closed","sticky":false,"template":"","format":"standard","meta":{"footnotes":""},"categories":[70],"tags":[],"class_list":["post-26816","post","type-post","status-publish","format-standard","hentry","category-diocese"],"_links":{"self":[{"href":"https:\/\/sites.ecclesia.pt\/cv\/wp-json\/wp\/v2\/posts\/26816","targetHints":{"allow":["GET"]}}],"collection":[{"href":"https:\/\/sites.ecclesia.pt\/cv\/wp-json\/wp\/v2\/posts"}],"about":[{"href":"https:\/\/sites.ecclesia.pt\/cv\/wp-json\/wp\/v2\/types\/post"}],"author":[{"embeddable":true,"href":"https:\/\/sites.ecclesia.pt\/cv\/wp-json\/wp\/v2\/users\/3"}],"replies":[{"embeddable":true,"href":"https:\/\/sites.ecclesia.pt\/cv\/wp-json\/wp\/v2\/comments?post=26816"}],"version-history":[{"count":1,"href":"https:\/\/sites.ecclesia.pt\/cv\/wp-json\/wp\/v2\/posts\/26816\/revisions"}],"predecessor-version":[{"id":26818,"href":"https:\/\/sites.ecclesia.pt\/cv\/wp-json\/wp\/v2\/posts\/26816\/revisions\/26818"}],"wp:attachment":[{"href":"https:\/\/sites.ecclesia.pt\/cv\/wp-json\/wp\/v2\/media?parent=26816"}],"wp:term":[{"taxonomy":"category","embeddable":true,"href":"https:\/\/sites.ecclesia.pt\/cv\/wp-json\/wp\/v2\/categories?post=26816"},{"taxonomy":"post_tag","embeddable":true,"href":"https:\/\/sites.ecclesia.pt\/cv\/wp-json\/wp\/v2\/tags?post=26816"}],"curies":[{"name":"wp","href":"https:\/\/api.w.org\/{rel}","templated":true}]}}