{"id":26819,"date":"2016-06-24T08:56:07","date_gmt":"2016-06-24T08:56:07","guid":{"rendered":"http:\/\/www.portal.ecclesia.pt\/cv\/?p=26819"},"modified":"2016-06-24T08:56:07","modified_gmt":"2016-06-24T08:56:07","slug":"o-preso-e-sempre-alguem-que-merece-muito-respeito","status":"publish","type":"post","link":"https:\/\/sites.ecclesia.pt\/cv\/o-preso-e-sempre-alguem-que-merece-muito-respeito\/","title":{"rendered":"&#8220;O preso \u00e9 sempre algu\u00e9m que merece muito respeito&#8221;"},"content":{"rendered":"<figure id=\"attachment_26820\" aria-describedby=\"caption-attachment-26820\" style=\"width: 400px\" class=\"wp-caption alignnone\"><a href=\"http:\/\/www.portal.ecclesia.pt\/cv\/wp-content\/uploads\/2016\/06\/preso.jpg\" rel=\"attachment wp-att-26820\"><img loading=\"lazy\" decoding=\"async\" class=\"size-full wp-image-26820\" src=\"http:\/\/www.portal.ecclesia.pt\/cv\/wp-content\/uploads\/2016\/06\/preso.jpg\" alt=\"P.e Jo\u00e3o Gon\u00e7alves e In\u00eas Leit\u00e3o no lan\u00e7amento do livro\" width=\"400\" height=\"267\" srcset=\"https:\/\/sites.ecclesia.pt\/cv\/wp-content\/uploads\/2016\/06\/preso.jpg 400w, https:\/\/sites.ecclesia.pt\/cv\/wp-content\/uploads\/2016\/06\/preso-300x200.jpg 300w\" sizes=\"auto, (max-width: 400px) 100vw, 400px\" \/><\/a><figcaption id=\"caption-attachment-26820\" class=\"wp-caption-text\">P.e Jo\u00e3o Gon\u00e7alves e In\u00eas Leit\u00e3o no lan\u00e7amento do livro<\/figcaption><\/figure>\n<p>O livro \u201cO Padre das Pris\u00f5es Portuguesas\u201d, de In\u00eas Leit\u00e3o, sobre o P.e Jo\u00e3o Gon\u00e7alves e o seu trabalho enquanto capel\u00e3o e coordenador da pastoral penitenci\u00e1ria em Portugal, foi apresentado na Feira do Livro de Aveiro, na tarde de 14 de junho.<br \/>\nNa sess\u00e3o, o padre que \u00e9 visitador das pris\u00f5es h\u00e1 40 anos e coordenador nacional da pastoral penitenci\u00e1ria referiu que \u201co preso \u00e9 sempre algu\u00e9m que merece muito respeito\u201d e que o trabalho de visitar os detidos \u00e9 \u201cver Cristo no preso\u201d. \u201cComo posso ver Jesus Cristo no preso? A resposta \u00e9 dif\u00edcil. Mas Jesus disse: \u00abEstive preso e vieste visitar-me\u00bb. N\u00e3o disse que tipo de crime tinha cometido, nem disse que estava inocente\u201d, disse P.e Jo\u00e3o Gon\u00e7alves para real\u00e7ar que qualquer preso, apesar do seu crime, \u00e9 pessoa com dignidade. O sacerdote real\u00e7ou que aceitou que a sua experi\u00eancia passasse a escrito \u201cpara falar das pris\u00f5es, melhor, dos presos, n\u00e3o das casas, mas das pessoas\u201d.<br \/>\nO livro \u00e9 uma edi\u00e7\u00e3o da C\u00e1ritas e est\u00e1 \u00e0 venda por 15 euros. As irm\u00e3s In\u00eas e Daniela Leit\u00e3o j\u00e1 haviam realizado em 2015 o document\u00e1rio \u201cO Padre das Pris\u00f5es\u201d.<br \/>\nNo lan\u00e7amento, com a presen\u00e7a de uma centena de pessoas, intervieram tamb\u00e9m o presidente da C\u00e1ritas Portuguesa, o presidente da C\u00e2mara Municipal de Aveiro, In\u00eas Leit\u00e3o e o Bispo de Aveiro. Eug\u00e9nio Fonseca assumiu que o livro se insere no esp\u00edrito da C\u00e1ritas por \u201cpromover a dignidade humana\u201d e ajudar a \u201ctransformar as consci\u00eancias\u201d, que \u00e9 \u201co mais fundamental de tudo\u201d. D. Ant\u00f3nio Moiteiro notou a feliz coincid\u00eancia de o livro sair em pleno ano da miseric\u00f3rdia, sublinhando que se nem todos podem visitar as pris\u00f5es, como manda uma das obras de miseric\u00f3rdia, todos pode fazer muito para evitar que algu\u00e9m caia no crime e ajudando na reinser\u00e7\u00e3o de quem reconquista a liberdade.<\/p>\n","protected":false},"excerpt":{"rendered":"<p>O livro \u201cO Padre das Pris\u00f5es Portuguesas\u201d, de In\u00eas Leit\u00e3o, sobre o P.e Jo\u00e3o Gon\u00e7alves e o seu trabalho enquanto capel\u00e3o e coordenador da pastoral penitenci\u00e1ria em Portugal, foi apresentado na Feira do Livro de Aveiro, na tarde de 14 de junho. Na sess\u00e3o, o padre que \u00e9 visitador das pris\u00f5es h\u00e1 40 anos e [&hellip;]<\/p>\n","protected":false},"author":3,"featured_media":0,"comment_status":"closed","ping_status":"closed","sticky":false,"template":"","format":"standard","meta":{"footnotes":""},"categories":[70],"tags":[],"class_list":["post-26819","post","type-post","status-publish","format-standard","hentry","category-diocese"],"_links":{"self":[{"href":"https:\/\/sites.ecclesia.pt\/cv\/wp-json\/wp\/v2\/posts\/26819","targetHints":{"allow":["GET"]}}],"collection":[{"href":"https:\/\/sites.ecclesia.pt\/cv\/wp-json\/wp\/v2\/posts"}],"about":[{"href":"https:\/\/sites.ecclesia.pt\/cv\/wp-json\/wp\/v2\/types\/post"}],"author":[{"embeddable":true,"href":"https:\/\/sites.ecclesia.pt\/cv\/wp-json\/wp\/v2\/users\/3"}],"replies":[{"embeddable":true,"href":"https:\/\/sites.ecclesia.pt\/cv\/wp-json\/wp\/v2\/comments?post=26819"}],"version-history":[{"count":1,"href":"https:\/\/sites.ecclesia.pt\/cv\/wp-json\/wp\/v2\/posts\/26819\/revisions"}],"predecessor-version":[{"id":26821,"href":"https:\/\/sites.ecclesia.pt\/cv\/wp-json\/wp\/v2\/posts\/26819\/revisions\/26821"}],"wp:attachment":[{"href":"https:\/\/sites.ecclesia.pt\/cv\/wp-json\/wp\/v2\/media?parent=26819"}],"wp:term":[{"taxonomy":"category","embeddable":true,"href":"https:\/\/sites.ecclesia.pt\/cv\/wp-json\/wp\/v2\/categories?post=26819"},{"taxonomy":"post_tag","embeddable":true,"href":"https:\/\/sites.ecclesia.pt\/cv\/wp-json\/wp\/v2\/tags?post=26819"}],"curies":[{"name":"wp","href":"https:\/\/api.w.org\/{rel}","templated":true}]}}