{"id":26837,"date":"2016-07-08T09:19:30","date_gmt":"2016-07-08T09:19:30","guid":{"rendered":"http:\/\/www.portal.ecclesia.pt\/cv\/?p=26837"},"modified":"2016-07-08T09:19:30","modified_gmt":"2016-07-08T09:19:30","slug":"p-e-jose-andre-a-vida-e-dificil-mas-a-vida-de-padre-de-religioso-e-muito-bela","status":"publish","type":"post","link":"https:\/\/sites.ecclesia.pt\/cv\/p-e-jose-andre-a-vida-e-dificil-mas-a-vida-de-padre-de-religioso-e-muito-bela\/","title":{"rendered":"P.e Jos\u00e9 Andr\u00e9: &#8220;A vida \u00e9 dif\u00edcil, mas a vida de padre, de religioso, \u00e9 muito bela&#8221;"},"content":{"rendered":"<p><a href=\"http:\/\/www.portal.ecclesia.pt\/cv\/wp-content\/uploads\/2016\/07\/jandre.jpg\" rel=\"attachment wp-att-26838\"><img loading=\"lazy\" decoding=\"async\" class=\"alignnone size-full wp-image-26838\" src=\"http:\/\/www.portal.ecclesia.pt\/cv\/wp-content\/uploads\/2016\/07\/jandre.jpg\" alt=\"jandre\" width=\"400\" height=\"267\" srcset=\"https:\/\/sites.ecclesia.pt\/cv\/wp-content\/uploads\/2016\/07\/jandre.jpg 400w, https:\/\/sites.ecclesia.pt\/cv\/wp-content\/uploads\/2016\/07\/jandre-300x200.jpg 300w\" sizes=\"auto, (max-width: 400px) 100vw, 400px\" \/><\/a><\/p>\n<p><strong>Padre natural de Avel\u00e3s de Cima presidiu \u00e0 missa nova. \u00c9 membro da Sociedade de S\u00e3o Paulo, que se dedica \u00e0 evangeliza\u00e7\u00e3o pelos meios de comunica\u00e7\u00e3o.<\/strong><\/p>\n<p>&nbsp;<\/p>\n<p>\u201cA vida \u00e9 dif\u00edcil, mas a vida de padre, de religioso, \u00e9 muito bela\u201d, disse o P.e Jos\u00e9 Andr\u00e9 Santos Ferreira, no final da sua missa nova, celebrada na igreja matriz da sua terra natal, Avel\u00e3s de Cima (Anadia), na tarde de 3 de julho. O novo padre, 29 anos, filho de Fernanda Santos e Carlos Ferreira, foi ordenado no Mosteiro dos Jer\u00f3nimos por D. Manuel Clemente, no dia 26 de junho, e \u00e9 membro da Sociedade de S\u00e3o Paulo \u2013 ou Padres Paulistas.<br \/>\nComo Padre Paulista, Jos\u00e9 Andr\u00e9 \u00e9 atualmente diretor da \u201cAgenda Lit\u00fargica Infantil\u201d (uma publica\u00e7\u00e3o peri\u00f3dica da editora Paulus direcionada \u00e0s crian\u00e7as) e respons\u00e1vel pelo departamento de direitos de autor da Paulus. \u201c\u00abViver e comunicar no mundo Jesus Mestre, Caminho, Verdade e Vida\u00bb \u00e9 o nosso lema. A nossa par\u00f3quia \u00e9 a par\u00f3quia do Papa, isto \u00e9, o mundo inteiro. O nosso modelo \u00e9 S. Paulo. Somos escritores, editores, comunicadores. Tudo o que fazemos \u00e9 prega\u00e7\u00e3o\u201d, disse o P.e Jos\u00e9 Carlos Nunes, superior regional dos Paulistas em Portugal, no final da celebra\u00e7\u00e3o, explicando a identidade dos Padres Paulistas, antes de, significativamente, os crist\u00e3os de Avel\u00e3s de Cima oferecerem ao novo padre um computador port\u00e1til. \u201cComo Paulista, nada melhor do que um meio de comunica\u00e7\u00e3o\u201d, disse P.e Jos\u00e9 Andr\u00e9, cuja tese de mestrado em Teologia, na Universidade Cat\u00f3lica, versou o tema \u201ca celebra\u00e7\u00e3o eucar\u00edstica como lugar privilegiado da comunica\u00e7\u00e3o de Deus\u201d.<br \/>\nD. Ant\u00f3nio Moiteiro esteve no final da celebra\u00e7\u00e3o e convidou o novo padre a vir \u00e0 sua terra e \u00e0 Diocese de Aveiro sempre que quiser, nem que seja s\u00f3 para descansar e \u201cbeber um copo do bom vinho da Bairrada\u201d. O Bispo de Aveiro disse que o importante \u00e9 haver voca\u00e7\u00f5es de consagra\u00e7\u00e3o para a Igreja, mesmo que surjam na Diocese e n\u00e3o fiquem na Diocese, e salientou que todos t\u00eam uma tarefa na promo\u00e7\u00e3o vocacional. \u201c\u00c9 com todos. Alguns pensam: \u00abJ\u00e1 n\u00e3o tenho idade para ser padre\u2026\u00bb Mas tem idade para rezar pelas voca\u00e7\u00f5es!\u201d, apelou D. Ant\u00f3nio Moiteiro, num domingo em que se ouviu no Evangelho que \u201ca messe \u00e9 grande e os trabalhadores s\u00e3o poucos\u201d.<br \/>\nConcelebraram na missa nova Padres Paulistas e alguns padres da Diocese de Aveiro. O novo padre agradeceu a muitas pessoas cujo nome n\u00e3o referiu, \u201cporque podia esquecer algu\u00e9m\u201d, e explicitamente ao Monsenhor Jo\u00e3o Gaspar, ao P.e Manuel Dinis, que foi p\u00e1roco de Avel\u00e3s de Cima quando entrou para o semin\u00e1rio, ao P.e Vitor Gabriel, atual p\u00e1roco, e ao P.e Nicolau Barroqueiro, arcipreste de Anadia.<br \/>\nJ.P.F.<\/p>\n","protected":false},"excerpt":{"rendered":"<p>Padre natural de Avel\u00e3s de Cima presidiu \u00e0 missa nova. \u00c9 membro da Sociedade de S\u00e3o Paulo, que se dedica \u00e0 evangeliza\u00e7\u00e3o pelos meios de comunica\u00e7\u00e3o. &nbsp; \u201cA vida \u00e9 dif\u00edcil, mas a vida de padre, de religioso, \u00e9 muito bela\u201d, disse o P.e Jos\u00e9 Andr\u00e9 Santos Ferreira, no final da sua missa nova, celebrada [&hellip;]<\/p>\n","protected":false},"author":3,"featured_media":0,"comment_status":"closed","ping_status":"closed","sticky":false,"template":"","format":"standard","meta":{"footnotes":""},"categories":[70],"tags":[],"class_list":["post-26837","post","type-post","status-publish","format-standard","hentry","category-diocese"],"_links":{"self":[{"href":"https:\/\/sites.ecclesia.pt\/cv\/wp-json\/wp\/v2\/posts\/26837","targetHints":{"allow":["GET"]}}],"collection":[{"href":"https:\/\/sites.ecclesia.pt\/cv\/wp-json\/wp\/v2\/posts"}],"about":[{"href":"https:\/\/sites.ecclesia.pt\/cv\/wp-json\/wp\/v2\/types\/post"}],"author":[{"embeddable":true,"href":"https:\/\/sites.ecclesia.pt\/cv\/wp-json\/wp\/v2\/users\/3"}],"replies":[{"embeddable":true,"href":"https:\/\/sites.ecclesia.pt\/cv\/wp-json\/wp\/v2\/comments?post=26837"}],"version-history":[{"count":1,"href":"https:\/\/sites.ecclesia.pt\/cv\/wp-json\/wp\/v2\/posts\/26837\/revisions"}],"predecessor-version":[{"id":26839,"href":"https:\/\/sites.ecclesia.pt\/cv\/wp-json\/wp\/v2\/posts\/26837\/revisions\/26839"}],"wp:attachment":[{"href":"https:\/\/sites.ecclesia.pt\/cv\/wp-json\/wp\/v2\/media?parent=26837"}],"wp:term":[{"taxonomy":"category","embeddable":true,"href":"https:\/\/sites.ecclesia.pt\/cv\/wp-json\/wp\/v2\/categories?post=26837"},{"taxonomy":"post_tag","embeddable":true,"href":"https:\/\/sites.ecclesia.pt\/cv\/wp-json\/wp\/v2\/tags?post=26837"}],"curies":[{"name":"wp","href":"https:\/\/api.w.org\/{rel}","templated":true}]}}