{"id":27,"date":"2006-04-03T14:44:00","date_gmt":"2006-04-03T14:44:00","guid":{"rendered":"http:\/\/localhost:81\/wp1\/?p=27"},"modified":"2006-04-03T14:44:00","modified_gmt":"2006-04-03T14:44:00","slug":"olhando-mais-ao-largo","status":"publish","type":"post","link":"https:\/\/sites.ecclesia.pt\/cv\/olhando-mais-ao-largo\/","title":{"rendered":"Olhando mais ao largo?"},"content":{"rendered":"<p>O desporto, dito Rei, esteve parado, ao seu alto n\u00edvel, uns tempos para que a  nossa Equipa das Quinas fizesse mais uns treinos para que o ano que vem se deliciar com as estrangeiras  a correr numa relva carregada de cores e, porventura, buracos!<\/p>\n<p>Esta paragem se veio dar a conhecer ou a recordar alguns momentos bons dos nossos jogadores emigrantes, por outro lado, veio demonstrar que, efectivamente temos de dar voz ao Povo, de que temos jogadores, os melhores do mundo, mas n\u00e3o temos equipa, por esta ou aquela raz\u00e3o, por esta aquela berrice ou amuo, venha ele donde vier. Mas que isto de bola a n\u00edvel interno com olhos no internacional, n\u00e3o vai bem, \u00e9 uma verdade insofism\u00e1vel. Ali\u00e1s, as coisas por este Pa\u00eds, de her\u00f3is e santos, aventureiros, tamb\u00e9m n\u00e3o v\u00e3o correndo bem. O Pa\u00eds parece que perdeu o rumo e ningu\u00e9m se entende. <\/p>\n<p>Desportivamente, apetecia-me tamb\u00e9m a dar um pontap\u00e9 e proclamar: Basta! N\u00f3s queremos um Pa\u00eds s\u00e3o, escorreito e n\u00e3o se andar \u00e0s turras. Basta!&#8230;<\/p>\n<p>D.R.<\/p>\n","protected":false},"excerpt":{"rendered":"<p>O desporto, dito Rei, esteve parado, ao seu alto n\u00edvel, uns tempos para que a nossa Equipa das Quinas fizesse mais uns treinos para que o ano que vem se deliciar com as estrangeiras a correr numa relva carregada de cores e, porventura, buracos! Esta paragem se veio dar a conhecer ou a recordar alguns [&hellip;]<\/p>\n","protected":false},"author":1,"featured_media":0,"comment_status":"open","ping_status":"open","sticky":false,"template":"","format":"standard","meta":{"footnotes":""},"categories":[46],"tags":[],"class_list":["post-27","post","type-post","status-publish","format-standard","hentry","category-desporto"],"_links":{"self":[{"href":"https:\/\/sites.ecclesia.pt\/cv\/wp-json\/wp\/v2\/posts\/27","targetHints":{"allow":["GET"]}}],"collection":[{"href":"https:\/\/sites.ecclesia.pt\/cv\/wp-json\/wp\/v2\/posts"}],"about":[{"href":"https:\/\/sites.ecclesia.pt\/cv\/wp-json\/wp\/v2\/types\/post"}],"author":[{"embeddable":true,"href":"https:\/\/sites.ecclesia.pt\/cv\/wp-json\/wp\/v2\/users\/1"}],"replies":[{"embeddable":true,"href":"https:\/\/sites.ecclesia.pt\/cv\/wp-json\/wp\/v2\/comments?post=27"}],"version-history":[{"count":0,"href":"https:\/\/sites.ecclesia.pt\/cv\/wp-json\/wp\/v2\/posts\/27\/revisions"}],"wp:attachment":[{"href":"https:\/\/sites.ecclesia.pt\/cv\/wp-json\/wp\/v2\/media?parent=27"}],"wp:term":[{"taxonomy":"category","embeddable":true,"href":"https:\/\/sites.ecclesia.pt\/cv\/wp-json\/wp\/v2\/categories?post=27"},{"taxonomy":"post_tag","embeddable":true,"href":"https:\/\/sites.ecclesia.pt\/cv\/wp-json\/wp\/v2\/tags?post=27"}],"curies":[{"name":"wp","href":"https:\/\/api.w.org\/{rel}","templated":true}]}}