{"id":2702,"date":"2010-10-13T11:07:00","date_gmt":"2010-10-13T11:07:00","guid":{"rendered":"http:\/\/localhost:81\/wp1\/?p=2702"},"modified":"2010-10-13T11:07:00","modified_gmt":"2010-10-13T11:07:00","slug":"justica-cadeia-e-opiniao-publica","status":"publish","type":"post","link":"https:\/\/sites.ecclesia.pt\/cv\/justica-cadeia-e-opiniao-publica\/","title":{"rendered":"Justi\u00e7a, cadeia e opini\u00e3o p\u00fablica"},"content":{"rendered":"<p>Olhos na Rua <!--more--> Eu sei que n\u00e3o \u00e9 f\u00e1cil julgar. Sei tamb\u00e9m que meter todos os criminosos na cadeia n\u00e3o ser\u00e1 a melhor solu\u00e7\u00e3o. Mas ao menos, ajudem-nos a entender e a ter opini\u00e3o que possa ajudar outros. Isto vem a prop\u00f3sito de uma not\u00edcia do domingo passado no CM, assim titulada: \u201cBate na mulher durante 38 anos e fica livre\u201d. <\/p>\n<p>Os jornais, por vezes, vendem mais t\u00edtulos que not\u00edcias. L\u00e1 vem dito que, casados h\u00e1 40 anos, o marido agredia \u201cquase todas as semanas\u201d a mulher, a \u201cmurro, bofetada e pontap\u00e9\u201d. O Tribunal que o julgou deu-lhes tr\u00eas anos e meio de cadeia. O Tribunal da Rela\u00e7\u00e3o suspendeu a pena, baseando-se no facto de o arguido n\u00e3o ter antecedentes criminais (!), nem haver risco de continuar a cometer crimes. Ou a not\u00edcia est\u00e1 mal redigida ou ent\u00e3o a gente n\u00e3o entendo nada. A mulher foi agredida, desde que casaram e at\u00e9 2008, \u201c\u00e0s vezes com paus e mesmo depois de ficar numa cadeira de rodas\u201d. E a este homem a pena \u00e9 suspensa por n\u00e3o ter antecedentes criminais? N\u00e3o d\u00e1 para entender. Mas neste pa\u00eds, o exerc\u00edcio da justi\u00e7a, em muitos casos, ser\u00e1 mesmo para entender? Como lhe pode ser favor\u00e1vel a opini\u00e3o p\u00fablica? Ou nos explicam ou j\u00e1 ningu\u00e9m ou o descr\u00e9dito aumenta. O exerc\u00edcio da justi\u00e7a n\u00e3o \u00e9 uma actividade qualquer.<\/p>\n","protected":false},"excerpt":{"rendered":"<p>Olhos na Rua<\/p>\n","protected":false},"author":1,"featured_media":0,"comment_status":"open","ping_status":"open","sticky":false,"template":"","format":"standard","meta":{"footnotes":""},"categories":[62],"tags":[],"class_list":["post-2702","post","type-post","status-publish","format-standard","hentry","category-opiniao"],"_links":{"self":[{"href":"https:\/\/sites.ecclesia.pt\/cv\/wp-json\/wp\/v2\/posts\/2702","targetHints":{"allow":["GET"]}}],"collection":[{"href":"https:\/\/sites.ecclesia.pt\/cv\/wp-json\/wp\/v2\/posts"}],"about":[{"href":"https:\/\/sites.ecclesia.pt\/cv\/wp-json\/wp\/v2\/types\/post"}],"author":[{"embeddable":true,"href":"https:\/\/sites.ecclesia.pt\/cv\/wp-json\/wp\/v2\/users\/1"}],"replies":[{"embeddable":true,"href":"https:\/\/sites.ecclesia.pt\/cv\/wp-json\/wp\/v2\/comments?post=2702"}],"version-history":[{"count":0,"href":"https:\/\/sites.ecclesia.pt\/cv\/wp-json\/wp\/v2\/posts\/2702\/revisions"}],"wp:attachment":[{"href":"https:\/\/sites.ecclesia.pt\/cv\/wp-json\/wp\/v2\/media?parent=2702"}],"wp:term":[{"taxonomy":"category","embeddable":true,"href":"https:\/\/sites.ecclesia.pt\/cv\/wp-json\/wp\/v2\/categories?post=2702"},{"taxonomy":"post_tag","embeddable":true,"href":"https:\/\/sites.ecclesia.pt\/cv\/wp-json\/wp\/v2\/tags?post=2702"}],"curies":[{"name":"wp","href":"https:\/\/api.w.org\/{rel}","templated":true}]}}