{"id":2703,"date":"2010-10-20T09:23:00","date_gmt":"2010-10-20T09:23:00","guid":{"rendered":"http:\/\/localhost:81\/wp1\/?p=2703"},"modified":"2010-10-20T09:23:00","modified_gmt":"2010-10-20T09:23:00","slug":"esperanca-contrariada","status":"publish","type":"post","link":"https:\/\/sites.ecclesia.pt\/cv\/esperanca-contrariada\/","title":{"rendered":"Esperan\u00e7a contrariada"},"content":{"rendered":"<p>A semana que terminou foi recheada de lampejos de esperan\u00e7a. A come\u00e7ar pela \u201cressurrei\u00e7\u00e3o\u201d vivida pelo Chile e acompanhada com entusiasmo pelo mundo inteiro. A tenacidade, o esfor\u00e7o conjugado das intelig\u00eancias, o suporte psicol\u00f3gico, moral e espiritual\u2026, mas sobretudo a esperan\u00e7a e a f\u00e9 nutridas pelos pr\u00f3prios mineiros, fizeram o milagre da ressurrei\u00e7\u00e3o.<\/p>\n<p>Tamb\u00e9m o S\u00ednodo das Igrejas do M\u00e9dio Oriente manifestou a hora do Esp\u00edrito, cimentou a aproxima\u00e7\u00e3o de quantos, reconhecendo-se filhos do mesmo Deus e irm\u00e3os de todos os sofredores desta zona de conflito, desejam contribuir para aliviar tens\u00f5es e lan\u00e7ar ra\u00edzes para uma resolu\u00e7\u00e3o de paz que seja consistente.<\/p>\n<p>Na nossa Diocese, celebra\u00e7\u00f5es de rein\u00edcio de actividade de movimentos e institui\u00e7\u00f5es, entrada de novos p\u00e1rocos ao servi\u00e7o\u2026, foram outras tantas ocasi\u00f5es a permitir-nos experimentar que a Vida n\u00e3o se cont\u00e9m, antes cresce e rasga caminhos novos, descobre novas sendas.<\/p>\n<p>Tanto bastaria para acreditarmos que o Reino avan\u00e7a, que novos C\u00e9us e nova Terra est\u00e3o em gesta\u00e7\u00e3o e os seus frutos n\u00e3o deixam de se fazer sentir. Na certeza de que a plenitude n\u00e3o se encerra nos limites do espa\u00e7o e do tempo &#8211; porque a Vida est\u00e1 para al\u00e9m da Hist\u00f3ria -, a f\u00e9 torna-se convite permanente para um compromisso sempre refor\u00e7ado no servi\u00e7o da Igreja, como fermento de unidade no seio da Comunidade humana. <\/p>\n<p>Certo, por\u00e9m, \u00e9 que esse servi\u00e7o tem de se dirigir ao cerne dos cora\u00e7\u00f5es. S\u00f3 com pessoas renovadas poderemos dar passos firmes. Disso tem urg\u00eancia o nosso Pa\u00eds. J\u00e1 que, a par de toda a esperan\u00e7a semeada, permanecem os vampiros do poder a \u201csugar o sangue fresco da manada\u201d.<\/p>\n<p>N\u00e3o pode ser outro o entendimento de um sacrif\u00edcio t\u00e3o desequilibrado em busca de um futuro sustent\u00e1vel. Se a factura da esperan\u00e7a recai cerca de nove vezes mais sobre os pobres ou remediados do que sobre os ricos; se, enquanto uns se torturam em busca de reorientar os seus magros r\u00e9ditos para obviar ao fundamental &#8211; sem, em muitos casos, o conseguirem -, outros s\u00e3o descaradamente favorecidos pelos seus correligion\u00e1rios pol\u00edticos; se o debate p\u00fablico sobre o Or\u00e7amento de Estado \u00e9 feito de truques e encontros secretos, em vez de di\u00e1logo aberto e esclarecedor\u2026, ent\u00e3o \u00e9 mais dif\u00edcil recriar a esperan\u00e7a e comprometer a todos na busca da \u201cressurrei\u00e7\u00e3o\u201d. <\/p>\n","protected":false},"excerpt":{"rendered":"<p>A semana que terminou foi recheada de lampejos de esperan\u00e7a. A come\u00e7ar pela \u201cressurrei\u00e7\u00e3o\u201d vivida pelo Chile e acompanhada com entusiasmo pelo mundo inteiro. A tenacidade, o esfor\u00e7o conjugado das intelig\u00eancias, o suporte psicol\u00f3gico, moral e espiritual\u2026, mas sobretudo a esperan\u00e7a e a f\u00e9 nutridas pelos pr\u00f3prios mineiros, fizeram o milagre da ressurrei\u00e7\u00e3o. Tamb\u00e9m o [&hellip;]<\/p>\n","protected":false},"author":1,"featured_media":0,"comment_status":"open","ping_status":"open","sticky":false,"template":"","format":"standard","meta":{"footnotes":""},"categories":[47],"tags":[],"class_list":["post-2703","post","type-post","status-publish","format-standard","hentry","category-editorial"],"_links":{"self":[{"href":"https:\/\/sites.ecclesia.pt\/cv\/wp-json\/wp\/v2\/posts\/2703","targetHints":{"allow":["GET"]}}],"collection":[{"href":"https:\/\/sites.ecclesia.pt\/cv\/wp-json\/wp\/v2\/posts"}],"about":[{"href":"https:\/\/sites.ecclesia.pt\/cv\/wp-json\/wp\/v2\/types\/post"}],"author":[{"embeddable":true,"href":"https:\/\/sites.ecclesia.pt\/cv\/wp-json\/wp\/v2\/users\/1"}],"replies":[{"embeddable":true,"href":"https:\/\/sites.ecclesia.pt\/cv\/wp-json\/wp\/v2\/comments?post=2703"}],"version-history":[{"count":0,"href":"https:\/\/sites.ecclesia.pt\/cv\/wp-json\/wp\/v2\/posts\/2703\/revisions"}],"wp:attachment":[{"href":"https:\/\/sites.ecclesia.pt\/cv\/wp-json\/wp\/v2\/media?parent=2703"}],"wp:term":[{"taxonomy":"category","embeddable":true,"href":"https:\/\/sites.ecclesia.pt\/cv\/wp-json\/wp\/v2\/categories?post=2703"},{"taxonomy":"post_tag","embeddable":true,"href":"https:\/\/sites.ecclesia.pt\/cv\/wp-json\/wp\/v2\/tags?post=2703"}],"curies":[{"name":"wp","href":"https:\/\/api.w.org\/{rel}","templated":true}]}}