{"id":2704,"date":"2010-10-20T09:27:00","date_gmt":"2010-10-20T09:27:00","guid":{"rendered":"http:\/\/localhost:81\/wp1\/?p=2704"},"modified":"2010-10-20T09:27:00","modified_gmt":"2010-10-20T09:27:00","slug":"diferente","status":"publish","type":"post","link":"https:\/\/sites.ecclesia.pt\/cv\/diferente\/","title":{"rendered":"Diferente"},"content":{"rendered":"<p>Olho de Lince <!--more--> A ideia n\u00e3o \u00e9 nova. Mas, nos tempos em que estamos, \u00e9 uma clara express\u00e3o do desejo de remar contra a mar\u00e9. J\u00e1 houve experi\u00eancias precedentes. Como \u00e9, todavia, t\u00e3o pouco usual, merece destaque.<\/p>\n<p>Os finalistas das escolas come\u00e7am cedo a pensar nas suas viagens e festas. Alguns, talvez muitos, nem ser\u00e3o finalistas, ou andar\u00e3o a s\u00ea-lo v\u00e1rios anos. Certo \u00e9 que, mal o ano se iniciou e j\u00e1 muito da sua aten\u00e7\u00e3o se orienta para festejar um fim nada certo.<\/p>\n<p>Este grupo desafia os seus colegas de turma a trocarem as viagens de com\u00e9rcio, de excessos, de devassas &#8211; tantas vezes in\u00edcio de perversos caminhos sem retorno &#8211; por uma viv\u00eancia de coopera\u00e7\u00e3o numa escola de pa\u00eds irm\u00e3o de l\u00edngua portuguesa.<\/p>\n<p>N\u00e3o seria preciso ir t\u00e3o longe, \u00e9 verdade; por perto se encontrariam motivos de viv\u00eancias afins. Entretanto, n\u00e3o deixa de ser uma iniciativa provocadora e aliciante.<\/p>\n<p>Que tenham \u00eaxito. Por mim, tudo farei para que possam levar o sonho \u00e0 pr\u00e1tica. E que deixem outros com \u00e1gua na boca! <\/p>\n<p>Q.S.<\/p>\n","protected":false},"excerpt":{"rendered":"<p>Olho de Lince<\/p>\n","protected":false},"author":1,"featured_media":0,"comment_status":"open","ping_status":"open","sticky":false,"template":"","format":"standard","meta":{"footnotes":""},"categories":[48],"tags":[],"class_list":["post-2704","post","type-post","status-publish","format-standard","hentry","category-espaco-comum"],"_links":{"self":[{"href":"https:\/\/sites.ecclesia.pt\/cv\/wp-json\/wp\/v2\/posts\/2704","targetHints":{"allow":["GET"]}}],"collection":[{"href":"https:\/\/sites.ecclesia.pt\/cv\/wp-json\/wp\/v2\/posts"}],"about":[{"href":"https:\/\/sites.ecclesia.pt\/cv\/wp-json\/wp\/v2\/types\/post"}],"author":[{"embeddable":true,"href":"https:\/\/sites.ecclesia.pt\/cv\/wp-json\/wp\/v2\/users\/1"}],"replies":[{"embeddable":true,"href":"https:\/\/sites.ecclesia.pt\/cv\/wp-json\/wp\/v2\/comments?post=2704"}],"version-history":[{"count":0,"href":"https:\/\/sites.ecclesia.pt\/cv\/wp-json\/wp\/v2\/posts\/2704\/revisions"}],"wp:attachment":[{"href":"https:\/\/sites.ecclesia.pt\/cv\/wp-json\/wp\/v2\/media?parent=2704"}],"wp:term":[{"taxonomy":"category","embeddable":true,"href":"https:\/\/sites.ecclesia.pt\/cv\/wp-json\/wp\/v2\/categories?post=2704"},{"taxonomy":"post_tag","embeddable":true,"href":"https:\/\/sites.ecclesia.pt\/cv\/wp-json\/wp\/v2\/tags?post=2704"}],"curies":[{"name":"wp","href":"https:\/\/api.w.org\/{rel}","templated":true}]}}