{"id":2708,"date":"2010-10-20T09:31:00","date_gmt":"2010-10-20T09:31:00","guid":{"rendered":"http:\/\/localhost:81\/wp1\/?p=2708"},"modified":"2010-10-20T09:31:00","modified_gmt":"2010-10-20T09:31:00","slug":"agenda-31","status":"publish","type":"post","link":"https:\/\/sites.ecclesia.pt\/cv\/agenda-31\/","title":{"rendered":"Agenda"},"content":{"rendered":"<p>OUTUBRO<\/p>\n<p>23 \u2013 A3 \u2013 Assembleia de animadores de Aveiro, no Complexo Pedag\u00f3gico da Universidade de Aveiro, a partir das 9h <\/p>\n<p>24 \u2013 P.e Jos\u00e9 Arnaldo toma posse na par\u00f3quia de Ponte de Vagos. Missa \u00e0s 17h<\/p>\n<p>24 \u2013 Festa e b\u00ean\u00e7\u00e3o dos Caloiros, a partir das 15h, no CUFC. Missa \u00e0s 19h.<\/p>\n<p>24 \u2013 Missa do Dia Mundial das Miss\u00f5es, \u00e0s 21h, no CUFC.<\/p>\n<p>30 \u2013 Assembleia vicentina diocesana, no sal\u00e3o paroquial de \u00cdlhavo, a partir das 14h30<\/p>\n<p>31 \u2013 P.e Jos\u00e9 Fidalgo toma posse na par\u00f3quia da Gafanha da Boa Hora <\/p>\n<p>27 \u2013 Assembleia do Vida Ascendente \/ Movimento Crist\u00e3o de Reformados no Semin\u00e1rio de Aveiro, \u00e0s 15h<\/p>\n<p>30 \u2013 Assembleia dos Vicentinos, em \u00cdlhavo, \u00e0s 14h30. P.e Georgino Rocha falar\u00e1 sobre os apelos de Bento XVI em F\u00e1tima aos agentes da pastoral social. <\/p>\n","protected":false},"excerpt":{"rendered":"<p>OUTUBRO 23 \u2013 A3 \u2013 Assembleia de animadores de Aveiro, no Complexo Pedag\u00f3gico da Universidade de Aveiro, a partir das 9h 24 \u2013 P.e Jos\u00e9 Arnaldo toma posse na par\u00f3quia de Ponte de Vagos. Missa \u00e0s 17h 24 \u2013 Festa e b\u00ean\u00e7\u00e3o dos Caloiros, a partir das 15h, no CUFC. Missa \u00e0s 19h. 24 \u2013 [&hellip;]<\/p>\n","protected":false},"author":1,"featured_media":0,"comment_status":"open","ping_status":"open","sticky":false,"template":"","format":"standard","meta":{"footnotes":""},"categories":[70],"tags":[],"class_list":["post-2708","post","type-post","status-publish","format-standard","hentry","category-diocese"],"_links":{"self":[{"href":"https:\/\/sites.ecclesia.pt\/cv\/wp-json\/wp\/v2\/posts\/2708","targetHints":{"allow":["GET"]}}],"collection":[{"href":"https:\/\/sites.ecclesia.pt\/cv\/wp-json\/wp\/v2\/posts"}],"about":[{"href":"https:\/\/sites.ecclesia.pt\/cv\/wp-json\/wp\/v2\/types\/post"}],"author":[{"embeddable":true,"href":"https:\/\/sites.ecclesia.pt\/cv\/wp-json\/wp\/v2\/users\/1"}],"replies":[{"embeddable":true,"href":"https:\/\/sites.ecclesia.pt\/cv\/wp-json\/wp\/v2\/comments?post=2708"}],"version-history":[{"count":0,"href":"https:\/\/sites.ecclesia.pt\/cv\/wp-json\/wp\/v2\/posts\/2708\/revisions"}],"wp:attachment":[{"href":"https:\/\/sites.ecclesia.pt\/cv\/wp-json\/wp\/v2\/media?parent=2708"}],"wp:term":[{"taxonomy":"category","embeddable":true,"href":"https:\/\/sites.ecclesia.pt\/cv\/wp-json\/wp\/v2\/categories?post=2708"},{"taxonomy":"post_tag","embeddable":true,"href":"https:\/\/sites.ecclesia.pt\/cv\/wp-json\/wp\/v2\/tags?post=2708"}],"curies":[{"name":"wp","href":"https:\/\/api.w.org\/{rel}","templated":true}]}}