{"id":27233,"date":"2017-01-20T09:57:23","date_gmt":"2017-01-20T09:57:23","guid":{"rendered":"http:\/\/sites.ecclesia.pt\/cv\/?p=27233"},"modified":"2017-01-20T09:57:23","modified_gmt":"2017-01-20T09:57:23","slug":"o-que-fazes-ao-teu-irmao","status":"publish","type":"post","link":"https:\/\/sites.ecclesia.pt\/cv\/o-que-fazes-ao-teu-irmao\/","title":{"rendered":"&#8220;O que fazes ao teu irm\u00e3o?&#8221;"},"content":{"rendered":"<p><a href=\"https:\/\/sites.ecclesia.pt\/cv\/wp-content\/uploads\/2017\/01\/encontro.jpg\"><img loading=\"lazy\" decoding=\"async\" class=\"alignnone size-full wp-image-27234\" src=\"https:\/\/sites.ecclesia.pt\/cv\/wp-content\/uploads\/2017\/01\/encontro.jpg\" alt=\"\" width=\"400\" height=\"357\" srcset=\"https:\/\/sites.ecclesia.pt\/cv\/wp-content\/uploads\/2017\/01\/encontro.jpg 400w, https:\/\/sites.ecclesia.pt\/cv\/wp-content\/uploads\/2017\/01\/encontro-300x268.jpg 300w\" sizes=\"auto, (max-width: 400px) 100vw, 400px\" \/><\/a><\/p>\n<p>O Livro de G\u00e9nesis p\u00f5e uma quest\u00e3o de grande inc\u00f3modo, a um irm\u00e3o que tratou muito mal outro irm\u00e3o: \u201cOnde est\u00e1 o teu irm\u00e3o?\u201d(&#8230;)\u201dQue fizeste?\u201d (G\u00e9n. 4, 9-10).<br \/>\nEsta pergunta tem de ser posta, e tem de provocar os crist\u00e3os, sempre; ali\u00e1s, ela vai ter seguimento no Mandamento da identidade crist\u00e3, que \u00e9 Mandamento Novo: \u201cSaber\u00e3o que sois Meus disc\u00edpulos, se vos amardes uns aos outros\u201d.<br \/>\nOs diversos Departamentos Diocesanos da Pastoral S\u00f3cio Caritativa \u2013 Miseric\u00f3rdias, Comiss\u00e3o Diocesana Justi\u00e7a e Paz, Caritas Diocesana, Pastoral da Sa\u00fade, Pastoral do Turismo e da Mobilidade Humana, Pastoral Penitenci\u00e1ria, Sociedade de S. Vicente de Paulo, Apoio \u00e0s IPSS diocesanas &#8211; est\u00e3o atentos aos inc\u00f3modos desta pergunta, e desejam partilhar algumas das respostas que est\u00e3o a ser dadas.<br \/>\nSabemos que as Autarquias est\u00e3o a fazer o seu melhor, tal como Par\u00f3quias, Movimentos, Associa\u00e7\u00f5es, e tantas organiza\u00e7\u00f5es, e vamos promover um verdadeira \u201cMESA DE PARTILHA\u201d, que por certo nos far\u00e1 ver a riqueza do muito que se faz, mas tamb\u00e9m nos deixar\u00e1 as interpela\u00e7\u00f5es para o muito que sempre falta fazer\u2026<br \/>\nNenhum de n\u00f3s deseja ser apanhado de surpresa e sem resposta, a quem nos fa\u00e7a a pergunta: \u201cO que fazes ao teu Irm\u00e3o?\u201d.<br \/>\nO convite estende-se a toda a Diocese e a todas as Pessoas de boa vontade que desejem dar as m\u00e3os, juntar esfor\u00e7os e potenciar respostas.<br \/>\nO cartaz d\u00e1 informa\u00e7\u00f5es para uma boa mobiliza\u00e7\u00e3o.<br \/>\nVamos estar presentes e participar!<br \/>\n\u201cOs Pobres n\u00e3o podem esperar\u201d\u2026<\/p>\n<p><strong>Jo\u00e3o Gon\u00e7alves<\/strong><\/p>\n<p>&nbsp;<\/p>\n<h4><strong>Encontro no\u00a0dia 27 de janeiro, no CUFC<\/strong><\/h4>\n<h4>O encontro diocesano \u00e9 no dia 27 de janeiro, \u00e0s 21h00, no CUFC (Centro Universit\u00e1rio F\u00e9 e Cultura), com as interven\u00e7\u00f5es de P.e Jo\u00e3o Gon\u00e7alves, diretor do Secretariado Diocesano da Pastoral S\u00f3cio Caritativa, Paulo Costa, vereador da C\u00e2mara Municipal de \u00cdlhavo, e Lacerda Pais, Provedor da Santa Casa da Miseric\u00f3rdia de Aveiro. Modera Jorge Pires Ferreira, jornalista e diretor-adjunto do seman\u00e1rio Correio do Vouga.<\/h4>\n","protected":false},"excerpt":{"rendered":"<p>O Livro de G\u00e9nesis p\u00f5e uma quest\u00e3o de grande inc\u00f3modo, a um irm\u00e3o que tratou muito mal outro irm\u00e3o: \u201cOnde est\u00e1 o teu irm\u00e3o?\u201d(&#8230;)\u201dQue fizeste?\u201d (G\u00e9n. 4, 9-10). Esta pergunta tem de ser posta, e tem de provocar os crist\u00e3os, sempre; ali\u00e1s, ela vai ter seguimento no Mandamento da identidade crist\u00e3, que \u00e9 Mandamento Novo: [&hellip;]<\/p>\n","protected":false},"author":3,"featured_media":0,"comment_status":"closed","ping_status":"closed","sticky":false,"template":"","format":"standard","meta":{"footnotes":""},"categories":[70],"tags":[],"class_list":["post-27233","post","type-post","status-publish","format-standard","hentry","category-diocese"],"_links":{"self":[{"href":"https:\/\/sites.ecclesia.pt\/cv\/wp-json\/wp\/v2\/posts\/27233","targetHints":{"allow":["GET"]}}],"collection":[{"href":"https:\/\/sites.ecclesia.pt\/cv\/wp-json\/wp\/v2\/posts"}],"about":[{"href":"https:\/\/sites.ecclesia.pt\/cv\/wp-json\/wp\/v2\/types\/post"}],"author":[{"embeddable":true,"href":"https:\/\/sites.ecclesia.pt\/cv\/wp-json\/wp\/v2\/users\/3"}],"replies":[{"embeddable":true,"href":"https:\/\/sites.ecclesia.pt\/cv\/wp-json\/wp\/v2\/comments?post=27233"}],"version-history":[{"count":1,"href":"https:\/\/sites.ecclesia.pt\/cv\/wp-json\/wp\/v2\/posts\/27233\/revisions"}],"predecessor-version":[{"id":27235,"href":"https:\/\/sites.ecclesia.pt\/cv\/wp-json\/wp\/v2\/posts\/27233\/revisions\/27235"}],"wp:attachment":[{"href":"https:\/\/sites.ecclesia.pt\/cv\/wp-json\/wp\/v2\/media?parent=27233"}],"wp:term":[{"taxonomy":"category","embeddable":true,"href":"https:\/\/sites.ecclesia.pt\/cv\/wp-json\/wp\/v2\/categories?post=27233"},{"taxonomy":"post_tag","embeddable":true,"href":"https:\/\/sites.ecclesia.pt\/cv\/wp-json\/wp\/v2\/tags?post=27233"}],"curies":[{"name":"wp","href":"https:\/\/api.w.org\/{rel}","templated":true}]}}