{"id":27236,"date":"2017-01-20T09:58:27","date_gmt":"2017-01-20T09:58:27","guid":{"rendered":"http:\/\/sites.ecclesia.pt\/cv\/?p=27236"},"modified":"2017-01-20T09:58:27","modified_gmt":"2017-01-20T09:58:27","slug":"nomeacoes-pastorais-2","status":"publish","type":"post","link":"https:\/\/sites.ecclesia.pt\/cv\/nomeacoes-pastorais-2\/","title":{"rendered":"Nomea\u00e7\u00f5es pastorais"},"content":{"rendered":"<p>Perante novas necessidades pastorais e procurando responder \u00e0s suas exig\u00eancias, s\u00e3o feitas as seguintes nomea\u00e7\u00f5es:<\/p>\n<p>17\/12\/2016 \u2013 Dr. Lu\u00eds Fernando Dias de Oliveira, Diretor do Col\u00e9gio Diocesano de Nossa Senhora da Apresenta\u00e7\u00e3o \u2013 Calv\u00e3o.<\/p>\n<p>5\/1\/2017 \u2013 P.e Manuel Joaquim Est\u00eav\u00e3o da Rocha, Assistente Religioso no Hospital Cliria-Aveiro.<\/p>\n<p>9\/1\/2017 \u2013 P.e Gustavo Andr\u00e9 da Silva Fernandes, Administrador Paroquial das par\u00f3quias de Bustos e Mamarrosa.<\/p>\n<p>16\/1\/2017 \u2013 Departamento de Informa\u00e7\u00e3o e Comunica\u00e7\u00e3o:<br \/>\nAnt\u00f3nio Jorge Pires Ferreira (coordenador), Pedro Miguel da Silva Ventura e P.e Gustavo Andr\u00e9 da Silva Fernandes.<\/p>\n","protected":false},"excerpt":{"rendered":"<p>Perante novas necessidades pastorais e procurando responder \u00e0s suas exig\u00eancias, s\u00e3o feitas as seguintes nomea\u00e7\u00f5es: 17\/12\/2016 \u2013 Dr. Lu\u00eds Fernando Dias de Oliveira, Diretor do Col\u00e9gio Diocesano de Nossa Senhora da Apresenta\u00e7\u00e3o \u2013 Calv\u00e3o. 5\/1\/2017 \u2013 P.e Manuel Joaquim Est\u00eav\u00e3o da Rocha, Assistente Religioso no Hospital Cliria-Aveiro. 9\/1\/2017 \u2013 P.e Gustavo Andr\u00e9 da Silva Fernandes, [&hellip;]<\/p>\n","protected":false},"author":3,"featured_media":0,"comment_status":"closed","ping_status":"closed","sticky":false,"template":"","format":"standard","meta":{"footnotes":""},"categories":[70],"tags":[],"class_list":["post-27236","post","type-post","status-publish","format-standard","hentry","category-diocese"],"_links":{"self":[{"href":"https:\/\/sites.ecclesia.pt\/cv\/wp-json\/wp\/v2\/posts\/27236","targetHints":{"allow":["GET"]}}],"collection":[{"href":"https:\/\/sites.ecclesia.pt\/cv\/wp-json\/wp\/v2\/posts"}],"about":[{"href":"https:\/\/sites.ecclesia.pt\/cv\/wp-json\/wp\/v2\/types\/post"}],"author":[{"embeddable":true,"href":"https:\/\/sites.ecclesia.pt\/cv\/wp-json\/wp\/v2\/users\/3"}],"replies":[{"embeddable":true,"href":"https:\/\/sites.ecclesia.pt\/cv\/wp-json\/wp\/v2\/comments?post=27236"}],"version-history":[{"count":1,"href":"https:\/\/sites.ecclesia.pt\/cv\/wp-json\/wp\/v2\/posts\/27236\/revisions"}],"predecessor-version":[{"id":27237,"href":"https:\/\/sites.ecclesia.pt\/cv\/wp-json\/wp\/v2\/posts\/27236\/revisions\/27237"}],"wp:attachment":[{"href":"https:\/\/sites.ecclesia.pt\/cv\/wp-json\/wp\/v2\/media?parent=27236"}],"wp:term":[{"taxonomy":"category","embeddable":true,"href":"https:\/\/sites.ecclesia.pt\/cv\/wp-json\/wp\/v2\/categories?post=27236"},{"taxonomy":"post_tag","embeddable":true,"href":"https:\/\/sites.ecclesia.pt\/cv\/wp-json\/wp\/v2\/tags?post=27236"}],"curies":[{"name":"wp","href":"https:\/\/api.w.org\/{rel}","templated":true}]}}