{"id":27238,"date":"2017-01-20T10:01:10","date_gmt":"2017-01-20T10:01:10","guid":{"rendered":"http:\/\/sites.ecclesia.pt\/cv\/?p=27238"},"modified":"2017-01-20T10:01:10","modified_gmt":"2017-01-20T10:01:10","slug":"acedia-um-mal-do-nosso-tempo","status":"publish","type":"post","link":"https:\/\/sites.ecclesia.pt\/cv\/acedia-um-mal-do-nosso-tempo\/","title":{"rendered":"Ac\u00e9dia, um mal do nosso tempo"},"content":{"rendered":"<figure id=\"attachment_27239\" aria-describedby=\"caption-attachment-27239\" style=\"width: 470px\" class=\"wp-caption alignnone\"><a href=\"https:\/\/sites.ecclesia.pt\/cv\/wp-content\/uploads\/2017\/01\/joaosantos.jpg\"><img loading=\"lazy\" decoding=\"async\" class=\"size-full wp-image-27239\" src=\"https:\/\/sites.ecclesia.pt\/cv\/wp-content\/uploads\/2017\/01\/joaosantos.jpg\" alt=\"\" width=\"470\" height=\"582\" srcset=\"https:\/\/sites.ecclesia.pt\/cv\/wp-content\/uploads\/2017\/01\/joaosantos.jpg 470w, https:\/\/sites.ecclesia.pt\/cv\/wp-content\/uploads\/2017\/01\/joaosantos-242x300.jpg 242w\" sizes=\"auto, (max-width: 470px) 100vw, 470px\" \/><\/a><figcaption id=\"caption-attachment-27239\" class=\"wp-caption-text\">P.e Jo\u00e3o Santos<\/figcaption><\/figure>\n<p><strong>Quem nunca teve ac\u00e9dia, atire a primeira pedra. Podemos nem saber o que significa a palavra, mas j\u00e1 todos, muito provavelmente, nos sentimos dominados pela ac\u00e9dia. O P.e Jo\u00e3o Santos, da equipa formadora do Semin\u00e1rio e coordenador do Servi\u00e7o de Voca\u00e7\u00f5es e Forma\u00e7\u00e3o Espiritual, vai orientar um workshop sobre \u201cA ac\u00e9dia espiritual ou o marasmo do dia-a-dia\u201d. Acontece no Semin\u00e1rio de Aveiro, no dia 28 de janeiro, das 14h30 \u00e0s 18h (inscri\u00e7\u00f5es at\u00e9 25 de janeiro pelo 966 661 155 ou geral@seminarioaveiro.org).\u00a0<\/strong><\/p>\n<p>&nbsp;<\/p>\n<p><strong>CORREIO DO VOUGA &#8211; O que se entende por ac\u00e9dia?<\/strong><br \/>\n<strong>JO\u00c3O SANTO<\/strong>S &#8211; Ac\u00e9dia, segundo os Padres do Deserto, caracteriza-se por um profundo abatimento da alma, enfado, pregui\u00e7a, desencorajamento, cansa\u00e7o, desgosto, depress\u00e3o ou n\u00e1usea. Esta situa\u00e7\u00e3o, sentida por todos, quando n\u00e3o assumida e tornada consciente, isola a pessoa em si mesma, afastando-a dos outros e de Deus, tornando-a escrava do vaguear dos pr\u00f3prios pensamentos. No limite, a pessoa torna-se incapaz de se concentrar na atividade que faz, resultando em ansiedade de cora\u00e7\u00e3o.<\/p>\n<p>&nbsp;<\/p>\n<p>Leia mais na edi\u00e7\u00e3o impressa do dia 18 de janeiro de 2017<\/p>\n","protected":false},"excerpt":{"rendered":"<p>Quem nunca teve ac\u00e9dia, atire a primeira pedra. Podemos nem saber o que significa a palavra, mas j\u00e1 todos, muito provavelmente, nos sentimos dominados pela ac\u00e9dia. O P.e Jo\u00e3o Santos, da equipa formadora do Semin\u00e1rio e coordenador do Servi\u00e7o de Voca\u00e7\u00f5es e Forma\u00e7\u00e3o Espiritual, vai orientar um workshop sobre \u201cA ac\u00e9dia espiritual ou o marasmo [&hellip;]<\/p>\n","protected":false},"author":3,"featured_media":0,"comment_status":"closed","ping_status":"closed","sticky":false,"template":"","format":"standard","meta":{"footnotes":""},"categories":[70],"tags":[],"class_list":["post-27238","post","type-post","status-publish","format-standard","hentry","category-diocese"],"_links":{"self":[{"href":"https:\/\/sites.ecclesia.pt\/cv\/wp-json\/wp\/v2\/posts\/27238","targetHints":{"allow":["GET"]}}],"collection":[{"href":"https:\/\/sites.ecclesia.pt\/cv\/wp-json\/wp\/v2\/posts"}],"about":[{"href":"https:\/\/sites.ecclesia.pt\/cv\/wp-json\/wp\/v2\/types\/post"}],"author":[{"embeddable":true,"href":"https:\/\/sites.ecclesia.pt\/cv\/wp-json\/wp\/v2\/users\/3"}],"replies":[{"embeddable":true,"href":"https:\/\/sites.ecclesia.pt\/cv\/wp-json\/wp\/v2\/comments?post=27238"}],"version-history":[{"count":1,"href":"https:\/\/sites.ecclesia.pt\/cv\/wp-json\/wp\/v2\/posts\/27238\/revisions"}],"predecessor-version":[{"id":27240,"href":"https:\/\/sites.ecclesia.pt\/cv\/wp-json\/wp\/v2\/posts\/27238\/revisions\/27240"}],"wp:attachment":[{"href":"https:\/\/sites.ecclesia.pt\/cv\/wp-json\/wp\/v2\/media?parent=27238"}],"wp:term":[{"taxonomy":"category","embeddable":true,"href":"https:\/\/sites.ecclesia.pt\/cv\/wp-json\/wp\/v2\/categories?post=27238"},{"taxonomy":"post_tag","embeddable":true,"href":"https:\/\/sites.ecclesia.pt\/cv\/wp-json\/wp\/v2\/tags?post=27238"}],"curies":[{"name":"wp","href":"https:\/\/api.w.org\/{rel}","templated":true}]}}