{"id":27241,"date":"2017-01-20T10:03:19","date_gmt":"2017-01-20T10:03:19","guid":{"rendered":"http:\/\/sites.ecclesia.pt\/cv\/?p=27241"},"modified":"2017-01-20T10:03:19","modified_gmt":"2017-01-20T10:03:19","slug":"jornadas-da-infancia-missionaria-na-gafanha-da-encarnacao","status":"publish","type":"post","link":"https:\/\/sites.ecclesia.pt\/cv\/jornadas-da-infancia-missionaria-na-gafanha-da-encarnacao\/","title":{"rendered":"Jornadas da Inf\u00e2ncia Mission\u00e1ria na Gafanha da Encarna\u00e7\u00e3o"},"content":{"rendered":"<p><a href=\"https:\/\/sites.ecclesia.pt\/cv\/wp-content\/uploads\/2017\/01\/jornadas.jpg\"><img loading=\"lazy\" decoding=\"async\" class=\"alignnone size-full wp-image-27242\" src=\"https:\/\/sites.ecclesia.pt\/cv\/wp-content\/uploads\/2017\/01\/jornadas.jpg\" alt=\"\" width=\"740\" height=\"525\" srcset=\"https:\/\/sites.ecclesia.pt\/cv\/wp-content\/uploads\/2017\/01\/jornadas.jpg 740w, https:\/\/sites.ecclesia.pt\/cv\/wp-content\/uploads\/2017\/01\/jornadas-300x213.jpg 300w\" sizes=\"auto, (max-width: 740px) 100vw, 740px\" \/><\/a><\/p>\n<p><strong>No ano passado foi na par\u00f3quia de Santa Joana. Este ano \u00e9 na Gafanha da Encarna\u00e7\u00e3o.<\/strong><br \/>\n<strong>\u201cCrian\u00e7as evangelizam crian\u00e7as\u201d. Para crian\u00e7as e suas fam\u00edlias.<\/strong><\/p>\n<p>&nbsp;<\/p>\n<p>A par\u00f3quia da Gafanha da Encarna\u00e7\u00e3o acolhe no dia 21 de janeiro a segunda edi\u00e7\u00e3o da jornada diocesana da Inf\u00e2ncia Mission\u00e1ria. Tendo por tema geral \u201cCrian\u00e7as evangelizam crian\u00e7as\u201d, a jornada acontece das 10h \u00e0s 16h, no largo junto \u00e0 igreja, aberta a todas as crian\u00e7as e fam\u00edlias. \u00a0\u201cNeste dia teremos v\u00e1rias atividades para e com crian\u00e7as e suas fam\u00edlias, n\u00e3o s\u00f3 dos grupos de Inf\u00e2ncia Mission\u00e1ria que a Diocese j\u00e1 tem mas tamb\u00e9m para todas as crian\u00e7as das v\u00e1rias par\u00f3quias da Diocese que desejem participar\u201d, explica Teresa Vieira, respons\u00e1vel do Servi\u00e7o Diocesano de Anima\u00e7\u00e3o Mission\u00e1ria, que organiza a a\u00e7\u00e3o. Quem aparecer no evento pode participar em diversas atividades: tendas alusivas aos continentes com a\u00e7\u00f5es associadas \u00e0 cor de cada continente e aos povos desse continente; pinturas faciais e modelagem de bal\u00f5es; tenda da Inf\u00e2ncia Mission\u00e1ria (IM); tenda das mensagens e desenhos mission\u00e1rios; jogos tradicionais; com\u00e9rcio solid\u00e1rio; dan\u00e7as do mundo no palco; proje\u00e7\u00e3o de v\u00eddeos da IM; almo\u00e7o partilhado; hora do conto; anima\u00e7\u00e3o de rua\u2026 Para participar n\u00e3o \u00e9 preciso pagar nada, mas Teresa Vieira deixa um pedido a quem pretender participar: \u201cTodas as atividades s\u00e3o gratuitas, sendo que a \u00fanica coisa que pedimos \u00e9 que cada crian\u00e7a traga uma moeda para colocar no mealheiro gigante das miss\u00f5es para ajudar em projetos com crian\u00e7as em pa\u00edses de miss\u00e3o\u201d.<\/p>\n","protected":false},"excerpt":{"rendered":"<p>No ano passado foi na par\u00f3quia de Santa Joana. Este ano \u00e9 na Gafanha da Encarna\u00e7\u00e3o. \u201cCrian\u00e7as evangelizam crian\u00e7as\u201d. Para crian\u00e7as e suas fam\u00edlias. &nbsp; A par\u00f3quia da Gafanha da Encarna\u00e7\u00e3o acolhe no dia 21 de janeiro a segunda edi\u00e7\u00e3o da jornada diocesana da Inf\u00e2ncia Mission\u00e1ria. Tendo por tema geral \u201cCrian\u00e7as evangelizam crian\u00e7as\u201d, a jornada [&hellip;]<\/p>\n","protected":false},"author":3,"featured_media":26059,"comment_status":"closed","ping_status":"closed","sticky":false,"template":"","format":"standard","meta":{"footnotes":""},"categories":[38],"tags":[],"class_list":["post-27241","post","type-post","status-publish","format-standard","has-post-thumbnail","hentry","category-destaque"],"_links":{"self":[{"href":"https:\/\/sites.ecclesia.pt\/cv\/wp-json\/wp\/v2\/posts\/27241","targetHints":{"allow":["GET"]}}],"collection":[{"href":"https:\/\/sites.ecclesia.pt\/cv\/wp-json\/wp\/v2\/posts"}],"about":[{"href":"https:\/\/sites.ecclesia.pt\/cv\/wp-json\/wp\/v2\/types\/post"}],"author":[{"embeddable":true,"href":"https:\/\/sites.ecclesia.pt\/cv\/wp-json\/wp\/v2\/users\/3"}],"replies":[{"embeddable":true,"href":"https:\/\/sites.ecclesia.pt\/cv\/wp-json\/wp\/v2\/comments?post=27241"}],"version-history":[{"count":1,"href":"https:\/\/sites.ecclesia.pt\/cv\/wp-json\/wp\/v2\/posts\/27241\/revisions"}],"predecessor-version":[{"id":27243,"href":"https:\/\/sites.ecclesia.pt\/cv\/wp-json\/wp\/v2\/posts\/27241\/revisions\/27243"}],"wp:featuredmedia":[{"embeddable":true,"href":"https:\/\/sites.ecclesia.pt\/cv\/wp-json\/wp\/v2\/media\/26059"}],"wp:attachment":[{"href":"https:\/\/sites.ecclesia.pt\/cv\/wp-json\/wp\/v2\/media?parent=27241"}],"wp:term":[{"taxonomy":"category","embeddable":true,"href":"https:\/\/sites.ecclesia.pt\/cv\/wp-json\/wp\/v2\/categories?post=27241"},{"taxonomy":"post_tag","embeddable":true,"href":"https:\/\/sites.ecclesia.pt\/cv\/wp-json\/wp\/v2\/tags?post=27241"}],"curies":[{"name":"wp","href":"https:\/\/api.w.org\/{rel}","templated":true}]}}