{"id":27244,"date":"2017-01-20T10:07:08","date_gmt":"2017-01-20T10:07:08","guid":{"rendered":"http:\/\/sites.ecclesia.pt\/cv\/?p=27244"},"modified":"2017-01-20T10:07:08","modified_gmt":"2017-01-20T10:07:08","slug":"bencao-do-mar-e-da-ria-e-das-pessoas-que-neles-trabalham","status":"publish","type":"post","link":"https:\/\/sites.ecclesia.pt\/cv\/bencao-do-mar-e-da-ria-e-das-pessoas-que-neles-trabalham\/","title":{"rendered":"B\u00ean\u00e7\u00e3o do mar e da ria e das pessoas que neles trabalham"},"content":{"rendered":"<figure id=\"attachment_27245\" aria-describedby=\"caption-attachment-27245\" style=\"width: 740px\" class=\"wp-caption alignnone\"><a href=\"https:\/\/sites.ecclesia.pt\/cv\/wp-content\/uploads\/2017\/01\/costanova.jpg\"><img loading=\"lazy\" decoding=\"async\" class=\"size-full wp-image-27245\" src=\"https:\/\/sites.ecclesia.pt\/cv\/wp-content\/uploads\/2017\/01\/costanova.jpg\" alt=\"\" width=\"740\" height=\"555\" srcset=\"https:\/\/sites.ecclesia.pt\/cv\/wp-content\/uploads\/2017\/01\/costanova.jpg 740w, https:\/\/sites.ecclesia.pt\/cv\/wp-content\/uploads\/2017\/01\/costanova-300x225.jpg 300w\" sizes=\"auto, (max-width: 740px) 100vw, 740px\" \/><\/a><figcaption id=\"caption-attachment-27245\" class=\"wp-caption-text\">Chegada da prociss\u00e3o<br \/>ao mar da Costa Nova<\/figcaption><\/figure>\n<p><strong>Prociss\u00e3o com andor de santo Amaro levado por pescadores encerrou visita pastoral do Bispo de Aveiro \u00e0 Costa Nova.<\/strong><\/p>\n<p>&nbsp;<\/p>\n<p>D. Ant\u00f3nio Moiteiro aben\u00e7oou o mar, a ria, as gentes que neles trabalham, os instrumentos e os espa\u00e7os de trabalho e de f\u00e9rias na Costa Nova. Na conclus\u00e3o da visita pastoral \u00e0 par\u00f3quia, no dia 15 de janeiro, o Bispo de Aveiro presidiu a uma prociss\u00e3o de cerca de hora e meia em que o andor de santo Amaro foi levado por quatro pescadores com roupas e botas pr\u00f3prias da pesca \u2013 dois deles s\u00e3o familiares de outros dois recentemente falecidos na faina mar\u00edtima. A prociss\u00e3o saiu da Igreja de Nossa Senhora da Sa\u00fade (igreja matriz) no final da Missa e dirigiu-se ao mar para a primeira paragem e b\u00ean\u00e7\u00e3o. Atravessou depois a Costa Nova para chegar ao porto de pesca da ria \u2013 segunda paragem. Seguiu ent\u00e3o pela Rua de Santo Amaro e voltou a parar em frente ao mercado do peixe. Regressou por fim \u00e0 igreja, onde se rezou a santo Amaro, que salvou o \u201camigo Pl\u00e1cido das \u00e1guas do lago\u201d. Ao santo venerado precisamente a 15 de janeiro, pediu-se prote\u00e7\u00e3o para \u201ctodos os que navegam no mar e na ria, os que das \u00e1guas arrancam o sustento para as suas fam\u00edlias e os que enfrentam as tempestades e as cheias\u201d.<br \/>\nNa Costa Nova reside uma significativa comunidade ligada \u00e0 pesca artesanal na ria e no mar e ao com\u00e9rcio do peixe.<br \/>\nAntes, na homilia, D. Ant\u00f3nio Moiteiro afirmou que santo Amaro \u2013 ou S. Mauro \u2013, um dos primeiros santos da ordem beneditina, \u201censina a p\u00f4r a pr\u00f3pria vida ao servi\u00e7o de Deus\u201d. Sendo dos primeiros disc\u00edpulos de S. Bento, colaborou na difus\u00e3o da vida monacal, fundando uma abadia em Fran\u00e7a, ainda existente. A rede de abadias, do s\u00e9culo V em diante, foi de tal forma importante para a forma\u00e7\u00e3o da Europa, num tempo de grandes transforma\u00e7\u00f5es sociais, com a queda do Imp\u00e9rio Romano e as invas\u00f5es b\u00e1rbaras, que S. Bento foi declarado patrono do continente europeu.<br \/>\nEm dia de conclus\u00e3o da visita \u00e0 par\u00f3quia, D. Ant\u00f3nio Moiteiro deixou dois apelos \u00e0 comunidade cat\u00f3lica: que todos procurem forma\u00e7\u00e3o crist\u00e3 para aprofundar a f\u00e9 e o conhecimento de Deus; e que participem na constru\u00e7\u00e3o do esp\u00edrito comunit\u00e1rio. \u201cO futuro da nossa f\u00e9 passa pela capacidade de criar esp\u00edrito fraterno, de vivermos uns com os outros em interajuda, com Jesus\u201d, disse.<br \/>\nNo final da celebra\u00e7\u00e3o, a comunidade ofereceu a miniatura de um barco como s\u00edmbolo da par\u00f3quia. O P.e \u00c2ngelo Pereira da Silva, p\u00e1roco, agradeceu a visita do Bispo de Aveiro. \u201cContinuamos a contar tamb\u00e9m com a sua presen\u00e7a f\u00edsica, sempre que poss\u00edvel\u201d, disse.<\/p>\n","protected":false},"excerpt":{"rendered":"<p>Prociss\u00e3o com andor de santo Amaro levado por pescadores encerrou visita pastoral do Bispo de Aveiro \u00e0 Costa Nova. &nbsp; D. Ant\u00f3nio Moiteiro aben\u00e7oou o mar, a ria, as gentes que neles trabalham, os instrumentos e os espa\u00e7os de trabalho e de f\u00e9rias na Costa Nova. Na conclus\u00e3o da visita pastoral \u00e0 par\u00f3quia, no dia [&hellip;]<\/p>\n","protected":false},"author":3,"featured_media":27246,"comment_status":"closed","ping_status":"closed","sticky":false,"template":"","format":"standard","meta":{"footnotes":""},"categories":[38],"tags":[],"class_list":["post-27244","post","type-post","status-publish","format-standard","has-post-thumbnail","hentry","category-destaque"],"_links":{"self":[{"href":"https:\/\/sites.ecclesia.pt\/cv\/wp-json\/wp\/v2\/posts\/27244","targetHints":{"allow":["GET"]}}],"collection":[{"href":"https:\/\/sites.ecclesia.pt\/cv\/wp-json\/wp\/v2\/posts"}],"about":[{"href":"https:\/\/sites.ecclesia.pt\/cv\/wp-json\/wp\/v2\/types\/post"}],"author":[{"embeddable":true,"href":"https:\/\/sites.ecclesia.pt\/cv\/wp-json\/wp\/v2\/users\/3"}],"replies":[{"embeddable":true,"href":"https:\/\/sites.ecclesia.pt\/cv\/wp-json\/wp\/v2\/comments?post=27244"}],"version-history":[{"count":1,"href":"https:\/\/sites.ecclesia.pt\/cv\/wp-json\/wp\/v2\/posts\/27244\/revisions"}],"predecessor-version":[{"id":27247,"href":"https:\/\/sites.ecclesia.pt\/cv\/wp-json\/wp\/v2\/posts\/27244\/revisions\/27247"}],"wp:featuredmedia":[{"embeddable":true,"href":"https:\/\/sites.ecclesia.pt\/cv\/wp-json\/wp\/v2\/media\/27246"}],"wp:attachment":[{"href":"https:\/\/sites.ecclesia.pt\/cv\/wp-json\/wp\/v2\/media?parent=27244"}],"wp:term":[{"taxonomy":"category","embeddable":true,"href":"https:\/\/sites.ecclesia.pt\/cv\/wp-json\/wp\/v2\/categories?post=27244"},{"taxonomy":"post_tag","embeddable":true,"href":"https:\/\/sites.ecclesia.pt\/cv\/wp-json\/wp\/v2\/tags?post=27244"}],"curies":[{"name":"wp","href":"https:\/\/api.w.org\/{rel}","templated":true}]}}