{"id":27250,"date":"2017-01-26T17:52:56","date_gmt":"2017-01-26T17:52:56","guid":{"rendered":"http:\/\/sites.ecclesia.pt\/cv\/?p=27250"},"modified":"2017-01-26T17:52:56","modified_gmt":"2017-01-26T17:52:56","slug":"sinais-alarme-esperanca","status":"publish","type":"post","link":"https:\/\/sites.ecclesia.pt\/cv\/sinais-alarme-esperanca\/","title":{"rendered":"Sinais, alarme, esperan\u00e7a!"},"content":{"rendered":"<figure id=\"attachment_24931\" aria-describedby=\"caption-attachment-24931\" style=\"width: 150px\" class=\"wp-caption alignnone\"><a href=\"https:\/\/sites.ecclesia.pt\/cv\/wp-content\/uploads\/2014\/05\/Flausino.jpg\"><img loading=\"lazy\" decoding=\"async\" class=\"wp-image-24931\" src=\"https:\/\/sites.ecclesia.pt\/cv\/wp-content\/uploads\/2014\/05\/Flausino.jpg\" width=\"150\" height=\"152\" \/><\/a><figcaption id=\"caption-attachment-24931\" class=\"wp-caption-text\">FLAUSINO SILVA<br \/> Empres\u00e1rio<\/figcaption><\/figure>\n<p><strong>SINAIS!<\/strong><br \/>\n\u00c9 comum afirmar-se que as institui\u00e7\u00f5es tendem a ser, em grande medida, o que forem os seus membros e os seus dirigentes.<br \/>\nA Igreja \u00e9 tamb\u00e9m, de certo modo, a imagem do que s\u00e3o os seus membros e a sua hierarquia.<br \/>\nPresente na vida das comunidades, ela exprime a qualidade e o n\u00edvel de empenhamento dos crist\u00e3os e dos seus pastores.<br \/>\nRealizando a sua miss\u00e3o na hist\u00f3ria, ela reflete, naturalmente, os efeitos da pr\u00f3pria qualidade da cidadania e do n\u00edvel de efic\u00e1cia da organiza\u00e7\u00e3o social e da governa\u00e7\u00e3o.<br \/>\nAtravessando o nosso pa\u00eds, \u00e0 semelhan\u00e7a de outros, uma profunda crise de valores, individuais e coletivos, repercute-se na comunidade eclesial, diretamente afetada pelo mau funcionamento do Estado e das suas institui\u00e7\u00f5es, com efeitos nocivos na vida individual e coletiva.<\/p>\n<p>&nbsp;<\/p>\n<p><strong>ALARMES!<\/strong><br \/>\nA crise de valores afeta, gravemente, a qualidade da democracia e, consequentemente, a qualidade da governa\u00e7\u00e3o das na\u00e7\u00f5es. O que se passa nalguns pa\u00edses do mundo, sobretudo no considerado mundo ocidental, repercute-se, naturalmente, em Portugal e nas nossas vidas.<br \/>\nO BREXIT, prenunciando a tomada de medidas de car\u00e1ter nacionalista, faz a Gr\u00e3-Bretanha recuar d\u00e9cadas na integra\u00e7\u00e3o, afasta-a dos seus parceiros Europeus e, afastando-a da Europa dos cidad\u00e3os e dos valores, amea\u00e7a milhares de emigrantes que acreditaram na velha democracia inglesa, de lhes cercear os direitos e de os expulsar, eles que para l\u00e1 foram executar fun\u00e7\u00f5es que os naturais n\u00e3o queriam e que contribu\u00edram, com a sua for\u00e7a de trabalho, para robustecer a economia do pa\u00eds. Inexplic\u00e1vel regress\u00e3o egocentrista e xen\u00f3foba!<br \/>\nTamb\u00e9m, do outro lado do Atl\u00e2ntico, o novo presidente americano, ao tomar posse na semana passada, prometeu fazer do pa\u00eds, de novo, o mais rico e poderoso do mundo, quem sabe se \u00e0 custa de acabar com as preocupa\u00e7\u00f5es sociais, renegar as pol\u00edticas ambientais e a coopera\u00e7\u00e3o comercial e industrial, pondo o dinheiro e o lucro acima de tudo, como sempre fez na vida, e amea\u00e7ando colocar na fronteira, murada e policiada, como o muro de Berlim, milhares de trabalhadores que, com os seus baixos sal\u00e1rios, fizeram crescer os EUA nos \u00faltimos anos, mais do que qualquer outro pa\u00eds ocidental.<\/p>\n<p>&nbsp;<\/p>\n<p><strong>ESPERAN\u00c7A!<\/strong><br \/>\nContrapomos aos populismos americano e brit\u00e2nico a a\u00e7\u00e3o do Papa Francisco, que preside \u00e0 Igreja Cat\u00f3lica e a lidera com sabedoria, simplicidade e firmeza, e que granjeou rapidamente a admira\u00e7\u00e3o e o respeito de todo o mundo.<br \/>\nA sua autoridade, sabedoria e lideran\u00e7a s\u00e3o hoje reconhecidas por l\u00edderes religiosos, pol\u00edticos e dirigentes, de todos os quadrantes, que as destacam e apontam como princ\u00edpios e valores a seguir e sobre as quais j\u00e1 muito se escreveu e continua a escrever.<br \/>\nFrancisco \u00e9, no mundo de hoje, a refer\u00eancia de esperan\u00e7a que anima os povos e o farol que nos guia no labirinto escuro dos problemas da humanidade.<br \/>\nO Papa \u00e9 mensageiro do amor, da caridade, da solidariedade, da justi\u00e7a e da paz, num mundo que, como ele referiu, est\u00e1 a desenvolver, aos poucos, a terceira guerra mundial.<br \/>\nEle identifica e denuncia, com firmeza e clarivid\u00eancia, os pecados de omiss\u00e3o de aux\u00edlio aos emigrantes que morrem no mar, o dever de os acolher e integrar, como seres humanos que s\u00e3o e de salvar as crian\u00e7as. Apela ao fim das guerras destrutivas e calamitosas que matam para saciar \u00edmpetos pol\u00edticos e religiosos, atentando contra a vida humana em nome de Deus.<br \/>\nFrancisco \u00e9, verdadeiramente, o Mensageiro de Deus enviado aos homens do s\u00e9culo XXI. Sigamo-lo!<\/p>\n<p>&nbsp;<\/p>\n<p><strong>FESTAS E INAUGURA\u00c7\u00d5ES &#8211; CA\u00c7A AO VOTO!<\/strong><br \/>\nPopulismos exacerbados, ainda longe do nosso quotidiano, mas j\u00e1 com adeptos e praticantes.<br \/>\nAbriu esta semana, na cidade de Lisboa, o ciclo de festas e inaugura\u00e7\u00f5es, a que iremos assistir um pouco por todo o pa\u00eds, em ano de elei\u00e7\u00f5es aut\u00e1rquicas.<br \/>\nOs dirigentes e pol\u00edticos locais lan\u00e7ar\u00e3o m\u00e3o de todas as iniciativas para influenciarem os eleitores, mesmo que gastando mal gasto o dinheiro dos nossos impostos.<br \/>\nTentar\u00e3o, por todos os meios, comprar as consci\u00eancias (e as pessoas). Se n\u00f3s cidad\u00e3os, ou as nossas institui\u00e7\u00f5es, precisarmos de uma licen\u00e7a, de um projeto ou de um subsidiozinho, \u00e9 o mote, h\u00e1 que cativar! Afinal o IMI que todos pagamos a mais cobre e d\u00e1 para tudo.<br \/>\nO aumento de impostos continua a ser a principal fonte de receita do governo para compensar benesses aos parceiros para o primeiro ministro manter o poder de que tanto gosta. E foram dadas benesses que n\u00e3o o podiam nem deviam ser, como a do sal\u00e1rio m\u00ednimo, com o sarilho da TSU, que se sabe.<br \/>\nEntretanto o debutante secret\u00e1rio de Estado Parlamentar, muito cru na mat\u00e9ria, sem experi\u00eancia de vida, como bem se nota, veio pressurosamente afirmar, por cima do ombro, que a geringon\u00e7a n\u00e3o precisa de mais ningu\u00e9m para ir at\u00e9 ao fim da legislatura. Ir\u00e1?<br \/>\nDirigentes pol\u00edticos com coluna vertebral e D grande, procuram-se. Ent\u00e3o, no nosso distrito, d\u00e3o-se alv\u00edssaras!<br \/>\nO radicalismo populista tem por c\u00e1 os seus adeptos!<\/p>\n","protected":false},"excerpt":{"rendered":"<p>SINAIS! \u00c9 comum afirmar-se que as institui\u00e7\u00f5es tendem a ser, em grande medida, o que forem os seus membros e os seus dirigentes. A Igreja \u00e9 tamb\u00e9m, de certo modo, a imagem do que s\u00e3o os seus membros e a sua hierarquia. Presente na vida das comunidades, ela exprime a qualidade e o n\u00edvel de [&hellip;]<\/p>\n","protected":false},"author":3,"featured_media":0,"comment_status":"closed","ping_status":"closed","sticky":false,"template":"","format":"standard","meta":{"footnotes":""},"categories":[62],"tags":[],"class_list":["post-27250","post","type-post","status-publish","format-standard","hentry","category-opiniao"],"_links":{"self":[{"href":"https:\/\/sites.ecclesia.pt\/cv\/wp-json\/wp\/v2\/posts\/27250","targetHints":{"allow":["GET"]}}],"collection":[{"href":"https:\/\/sites.ecclesia.pt\/cv\/wp-json\/wp\/v2\/posts"}],"about":[{"href":"https:\/\/sites.ecclesia.pt\/cv\/wp-json\/wp\/v2\/types\/post"}],"author":[{"embeddable":true,"href":"https:\/\/sites.ecclesia.pt\/cv\/wp-json\/wp\/v2\/users\/3"}],"replies":[{"embeddable":true,"href":"https:\/\/sites.ecclesia.pt\/cv\/wp-json\/wp\/v2\/comments?post=27250"}],"version-history":[{"count":1,"href":"https:\/\/sites.ecclesia.pt\/cv\/wp-json\/wp\/v2\/posts\/27250\/revisions"}],"predecessor-version":[{"id":27251,"href":"https:\/\/sites.ecclesia.pt\/cv\/wp-json\/wp\/v2\/posts\/27250\/revisions\/27251"}],"wp:attachment":[{"href":"https:\/\/sites.ecclesia.pt\/cv\/wp-json\/wp\/v2\/media?parent=27250"}],"wp:term":[{"taxonomy":"category","embeddable":true,"href":"https:\/\/sites.ecclesia.pt\/cv\/wp-json\/wp\/v2\/categories?post=27250"},{"taxonomy":"post_tag","embeddable":true,"href":"https:\/\/sites.ecclesia.pt\/cv\/wp-json\/wp\/v2\/tags?post=27250"}],"curies":[{"name":"wp","href":"https:\/\/api.w.org\/{rel}","templated":true}]}}