{"id":27274,"date":"2017-02-02T12:19:44","date_gmt":"2017-02-02T12:19:44","guid":{"rendered":"http:\/\/sites.ecclesia.pt\/cv\/?p=27274"},"modified":"2017-02-02T12:19:44","modified_gmt":"2017-02-02T12:19:44","slug":"biblioteca-municipal-vai-regressar-ao-edificio-fernando-tavora-depois-das-obras","status":"publish","type":"post","link":"https:\/\/sites.ecclesia.pt\/cv\/biblioteca-municipal-vai-regressar-ao-edificio-fernando-tavora-depois-das-obras\/","title":{"rendered":"Biblioteca Municipal vai regressar ao Edif\u00edcio Fernando T\u00e1vora depois das obras"},"content":{"rendered":"<figure id=\"attachment_27275\" aria-describedby=\"caption-attachment-27275\" style=\"width: 2272px\" class=\"wp-caption alignnone\"><a href=\"https:\/\/sites.ecclesia.pt\/cv\/wp-content\/uploads\/2017\/02\/A-Casa-da-Cultura-ser\u00e1-novamente-biblioteca.jpg\"><img loading=\"lazy\" decoding=\"async\" class=\"size-full wp-image-27275\" src=\"https:\/\/sites.ecclesia.pt\/cv\/wp-content\/uploads\/2017\/02\/A-Casa-da-Cultura-ser\u00e1-novamente-biblioteca.jpg\" alt=\"\" width=\"2272\" height=\"1704\" srcset=\"https:\/\/sites.ecclesia.pt\/cv\/wp-content\/uploads\/2017\/02\/A-Casa-da-Cultura-ser\u00e1-novamente-biblioteca.jpg 2272w, https:\/\/sites.ecclesia.pt\/cv\/wp-content\/uploads\/2017\/02\/A-Casa-da-Cultura-ser\u00e1-novamente-biblioteca-300x225.jpg 300w, https:\/\/sites.ecclesia.pt\/cv\/wp-content\/uploads\/2017\/02\/A-Casa-da-Cultura-ser\u00e1-novamente-biblioteca-768x576.jpg 768w, https:\/\/sites.ecclesia.pt\/cv\/wp-content\/uploads\/2017\/02\/A-Casa-da-Cultura-ser\u00e1-novamente-biblioteca-1024x768.jpg 1024w\" sizes=\"auto, (max-width: 2272px) 100vw, 2272px\" \/><\/a><figcaption id=\"caption-attachment-27275\" class=\"wp-caption-text\">O Edif\u00edcio Fernando T\u00e1vora, ao fundo, ser\u00e1 novamente biblioteca municipal<\/figcaption><\/figure>\n<p>Com o objetivo de fazer regressar a Biblioteca Municipal de Aveiro ao Edif\u00edcio Fernando T\u00e1vora, o executivo municipal aveirense tomou conhecimento do despacho de adjudica\u00e7\u00e3o do procedimento para elabora\u00e7\u00e3o do projeto de reabilita\u00e7\u00e3o do Edif\u00edcio Fernando T\u00e1vora, \u00e0 empresa Jos\u00e9 Bernardo T\u00e1vora \u2013 Arquiteto, Unipessoal Lda., pelo valor de 72.000 euros, com prazo de execu\u00e7\u00e3o at\u00e9 ao dia 15 de maio de 2017.<br \/>\nCom a reabilita\u00e7\u00e3o daquele im\u00f3vel, situado frente ao edif\u00edcio dos Pa\u00e7os do Concelho, obra integrada no Plano Estrat\u00e9gico de Desenvolvimento Urbano da Cidade de Aveiro (PEDUCA), pretende-se reinstalar os servi\u00e7os de biblioteca municipal neste espa\u00e7o, criando tamb\u00e9m novas zonas dedicadas ao empreendedorismo e co-work explorando novas din\u00e2micas locais que potenciar\u00e3o tamb\u00e9m a revitaliza\u00e7\u00e3o da envolvente aos Pa\u00e7os do Concelho.<br \/>\nO investimento total de reabilita\u00e7\u00e3o tem uma estimativa de 1,1 milh\u00f5es de euros (a cofinanciar pelo PEDUCA), sendo expect\u00e1vel que a obra possa inicie no \u00faltimo trimestre do presente ano, conclu\u00eddos todos os procedimentos de contrata\u00e7\u00e3o de projeto, concurso para a empreitada e visto de Tribunal de Contas.<br \/>\nDe referir que a Biblioteca Municipal de Aveiro deixou de funcionar naquele edif\u00edcio devido \u00e0 falta de espa\u00e7o e condi\u00e7\u00f5es, uma vez que num outro andar do im\u00f3vel tamb\u00e9m funcionava o Sal\u00e3o Cultural, enquanto no piso t\u00e9rreo, que tinha outra configura\u00e7\u00e3o, estava instalado o posto de Turismo.<\/p>\n","protected":false},"excerpt":{"rendered":"<p>Com o objetivo de fazer regressar a Biblioteca Municipal de Aveiro ao Edif\u00edcio Fernando T\u00e1vora, o executivo municipal aveirense tomou conhecimento do despacho de adjudica\u00e7\u00e3o do procedimento para elabora\u00e7\u00e3o do projeto de reabilita\u00e7\u00e3o do Edif\u00edcio Fernando T\u00e1vora, \u00e0 empresa Jos\u00e9 Bernardo T\u00e1vora \u2013 Arquiteto, Unipessoal Lda., pelo valor de 72.000 euros, com prazo de execu\u00e7\u00e3o [&hellip;]<\/p>\n","protected":false},"author":3,"featured_media":0,"comment_status":"closed","ping_status":"closed","sticky":false,"template":"","format":"standard","meta":{"footnotes":""},"categories":[45],"tags":[],"class_list":["post-27274","post","type-post","status-publish","format-standard","hentry","category-regioes"],"_links":{"self":[{"href":"https:\/\/sites.ecclesia.pt\/cv\/wp-json\/wp\/v2\/posts\/27274","targetHints":{"allow":["GET"]}}],"collection":[{"href":"https:\/\/sites.ecclesia.pt\/cv\/wp-json\/wp\/v2\/posts"}],"about":[{"href":"https:\/\/sites.ecclesia.pt\/cv\/wp-json\/wp\/v2\/types\/post"}],"author":[{"embeddable":true,"href":"https:\/\/sites.ecclesia.pt\/cv\/wp-json\/wp\/v2\/users\/3"}],"replies":[{"embeddable":true,"href":"https:\/\/sites.ecclesia.pt\/cv\/wp-json\/wp\/v2\/comments?post=27274"}],"version-history":[{"count":1,"href":"https:\/\/sites.ecclesia.pt\/cv\/wp-json\/wp\/v2\/posts\/27274\/revisions"}],"predecessor-version":[{"id":27276,"href":"https:\/\/sites.ecclesia.pt\/cv\/wp-json\/wp\/v2\/posts\/27274\/revisions\/27276"}],"wp:attachment":[{"href":"https:\/\/sites.ecclesia.pt\/cv\/wp-json\/wp\/v2\/media?parent=27274"}],"wp:term":[{"taxonomy":"category","embeddable":true,"href":"https:\/\/sites.ecclesia.pt\/cv\/wp-json\/wp\/v2\/categories?post=27274"},{"taxonomy":"post_tag","embeddable":true,"href":"https:\/\/sites.ecclesia.pt\/cv\/wp-json\/wp\/v2\/tags?post=27274"}],"curies":[{"name":"wp","href":"https:\/\/api.w.org\/{rel}","templated":true}]}}