{"id":27278,"date":"2017-02-02T12:23:06","date_gmt":"2017-02-02T12:23:06","guid":{"rendered":"http:\/\/sites.ecclesia.pt\/cv\/?p=27278"},"modified":"2017-02-02T12:23:06","modified_gmt":"2017-02-02T12:23:06","slug":"inauguracao-das-novas-instalacoes-do-centro-social-e-paroquial-da-branca","status":"publish","type":"post","link":"https:\/\/sites.ecclesia.pt\/cv\/inauguracao-das-novas-instalacoes-do-centro-social-e-paroquial-da-branca\/","title":{"rendered":"Inaugura\u00e7\u00e3o das novas instala\u00e7\u00f5es do Centro Social e Paroquial da Branca"},"content":{"rendered":"<figure id=\"attachment_27279\" aria-describedby=\"caption-attachment-27279\" style=\"width: 5760px\" class=\"wp-caption alignnone\"><a href=\"https:\/\/sites.ecclesia.pt\/cv\/wp-content\/uploads\/2017\/02\/GN5C9377.jpg\"><img loading=\"lazy\" decoding=\"async\" class=\"size-full wp-image-27279\" src=\"https:\/\/sites.ecclesia.pt\/cv\/wp-content\/uploads\/2017\/02\/GN5C9377.jpg\" alt=\"\" width=\"5760\" height=\"3840\" srcset=\"https:\/\/sites.ecclesia.pt\/cv\/wp-content\/uploads\/2017\/02\/GN5C9377.jpg 5760w, https:\/\/sites.ecclesia.pt\/cv\/wp-content\/uploads\/2017\/02\/GN5C9377-300x200.jpg 300w, https:\/\/sites.ecclesia.pt\/cv\/wp-content\/uploads\/2017\/02\/GN5C9377-768x512.jpg 768w, https:\/\/sites.ecclesia.pt\/cv\/wp-content\/uploads\/2017\/02\/GN5C9377-1024x683.jpg 1024w\" sizes=\"auto, (max-width: 5760px) 100vw, 5760px\" \/><\/a><figcaption id=\"caption-attachment-27279\" class=\"wp-caption-text\">Ant\u00f3nio Loureiro, Manuel Ruivo e D. Ant\u00f3nio Moiteiro<\/figcaption><\/figure>\n<p>No dia 22 de janeiro, dia S. Vicente, padroeiro da Branca, foram inauguradas as novas instala\u00e7\u00f5es do Centro Social Paroquial S\u00e3o Vicente de Branca. \u00c0s 15h, celebrou-se a Eucaristia, na igreja paroquial, presidida pelo Bispo de Aveiro. Depois da Eucaristia, povo, autoridades e convidados desceram um pouco na rua at\u00e9 \u00e0s novas instala\u00e7\u00f5es para se proceder \u00e0 inaugura\u00e7\u00e3o.<br \/>\nAo cabo de mais de vinte e cinco anos, o sonho realizou-se. Resolvidos os problemas de v\u00e1ria ordem, e gra\u00e7as \u00e0 imprescind\u00edvel ajuda da comunidade da Branca, foi poss\u00edvel agora concluir as obras, conforme as idealizaram os seus fundadores, e de uma forma especial o Padre Valdemar Magalh\u00e3es Costa.<br \/>\nCom a colabora\u00e7\u00e3o dos padres que ap\u00f3s a morte do Padre Valdemar foram servindo a Par\u00f3quia, a persist\u00eancia da dire\u00e7\u00e3o e a incans\u00e1vel dedica\u00e7\u00e3o do arquiteto Eduardo Costa Ferreira e a prestimosa coopera\u00e7\u00e3o dos agentes da Camara Municipal de Albergaria-a-Velha chegou ao fim a \u00e1rdua tarefa a que se prop\u00f4s, desde o primeiro momento, o P.e V\u00edtor Cardoso, p\u00e1roco e presidente da dire\u00e7\u00e3o, que abra\u00e7ou esta miss\u00e3o com not\u00e1vel preocupa\u00e7\u00e3o, incentivando a comunidade e os outros \u00f3rg\u00e3os diretivos, para este desfecho, n\u00e3o regateando, por isso, esfor\u00e7os nem exemplo.<br \/>\nDepois do descerramento da placa da inaugura\u00e7\u00e3o, abriu a sess\u00e3o solene o p\u00e1roco, P.e V\u00edtor, que deu as boas vindas a todos e agradeceu a presen\u00e7a das entidades convidadas que, de algum modo, foram intervenientes na conclus\u00e3o das obras. Manuel Ruivo, presidente distrital da Seguran\u00e7a Social, manifestou toda a sua satisfa\u00e7\u00e3o pela dignidade das instala\u00e7\u00f5es que tinha acabado de ver.<br \/>\nAnt\u00f3nio Loureiro, presidente da C\u00e2mara Municipal de Albergaria-a-Velha agradeceu aos branquenses e em particular \u00e0 dire\u00e7\u00e3o todo o empenho e esfor\u00e7o feito para que fosse poss\u00edvel p\u00f4r ao servi\u00e7o das nossas crian\u00e7as mais um espa\u00e7o educativo e social com excelentes condi\u00e7\u00f5es. Por sua vez, o presidente da Junta referiu ter a freguesia ficado mais enriquecida com a obra hoje inaugurada.<br \/>\nFinalmente usou da palavra o Senhor Bispo, que valorizou o esfor\u00e7o feito, lembrando aos funcion\u00e1rios deste Centro que o mesmo n\u00e3o desempenhar\u00e1 cabalmente a sua miss\u00e3o se o seu funcionamento n\u00e3o estiver em conson\u00e2ncia com os princ\u00edpios da Igreja que o rege, exortando-os, por isso, a uma pr\u00e1tica educativa com essa orienta\u00e7\u00e3o.<br \/>\nA festa terminou com um lanche oferecido pelos pais das crian\u00e7as que frequentam a institui\u00e7\u00e3o e um naco de bolo e um gole de champanhe oferecidos pela dire\u00e7\u00e3o do centro social.<br \/>\n<strong>Ab\u00edlio Tavares<\/strong><\/p>\n<p>&nbsp;<\/p>\n<p>&nbsp;<\/p>\n<h3>Alguns n\u00fameros<\/h3>\n<h3>74 crian\u00e7as que frequentam o Centro Social Paroquial S. Vicente da Branca, em creche, jardim de inf\u00e2ncia e CATL (tempos livres). As mudan\u00e7as para as novas instala\u00e7\u00f5es est\u00e3o previstas para as pr\u00f3ximas semanas.<\/h3>\n<h3>1 000 000. Custo total das obras (cerca de), faltando liquidar o equipamento.<\/h3>\n<h3>0 (zero) euros de apoio estatal para a constru\u00e7\u00e3o das instala\u00e7\u00f5es. Por op\u00e7\u00e3o que j\u00e1 vinha do tempo do P.e Valdemar Costa e que a dire\u00e7\u00e3o do centro sempre manteve, as paredes ergueram-se gra\u00e7as aos esfor\u00e7os dos branquenses (com cortejos, jantares, folares, etc.), naturalmente com d\u00e1divas de materiais de empresas da regi\u00e3o e pequenos apoios camar\u00e1rios (n\u00e3o ultrapassaram no total os 50 mil euros). A Seguran\u00e7a Social comparticipa com cerca 7 mil euros na compra do equipamento (20% dos custos do equipamento).<br \/>\nJ.P.F.<\/h3>\n","protected":false},"excerpt":{"rendered":"<p>No dia 22 de janeiro, dia S. Vicente, padroeiro da Branca, foram inauguradas as novas instala\u00e7\u00f5es do Centro Social Paroquial S\u00e3o Vicente de Branca. \u00c0s 15h, celebrou-se a Eucaristia, na igreja paroquial, presidida pelo Bispo de Aveiro. Depois da Eucaristia, povo, autoridades e convidados desceram um pouco na rua at\u00e9 \u00e0s novas instala\u00e7\u00f5es para se [&hellip;]<\/p>\n","protected":false},"author":3,"featured_media":0,"comment_status":"closed","ping_status":"closed","sticky":false,"template":"","format":"standard","meta":{"footnotes":""},"categories":[70],"tags":[],"class_list":["post-27278","post","type-post","status-publish","format-standard","hentry","category-diocese"],"_links":{"self":[{"href":"https:\/\/sites.ecclesia.pt\/cv\/wp-json\/wp\/v2\/posts\/27278","targetHints":{"allow":["GET"]}}],"collection":[{"href":"https:\/\/sites.ecclesia.pt\/cv\/wp-json\/wp\/v2\/posts"}],"about":[{"href":"https:\/\/sites.ecclesia.pt\/cv\/wp-json\/wp\/v2\/types\/post"}],"author":[{"embeddable":true,"href":"https:\/\/sites.ecclesia.pt\/cv\/wp-json\/wp\/v2\/users\/3"}],"replies":[{"embeddable":true,"href":"https:\/\/sites.ecclesia.pt\/cv\/wp-json\/wp\/v2\/comments?post=27278"}],"version-history":[{"count":1,"href":"https:\/\/sites.ecclesia.pt\/cv\/wp-json\/wp\/v2\/posts\/27278\/revisions"}],"predecessor-version":[{"id":27280,"href":"https:\/\/sites.ecclesia.pt\/cv\/wp-json\/wp\/v2\/posts\/27278\/revisions\/27280"}],"wp:attachment":[{"href":"https:\/\/sites.ecclesia.pt\/cv\/wp-json\/wp\/v2\/media?parent=27278"}],"wp:term":[{"taxonomy":"category","embeddable":true,"href":"https:\/\/sites.ecclesia.pt\/cv\/wp-json\/wp\/v2\/categories?post=27278"},{"taxonomy":"post_tag","embeddable":true,"href":"https:\/\/sites.ecclesia.pt\/cv\/wp-json\/wp\/v2\/tags?post=27278"}],"curies":[{"name":"wp","href":"https:\/\/api.w.org\/{rel}","templated":true}]}}