{"id":27281,"date":"2017-02-02T12:25:34","date_gmt":"2017-02-02T12:25:34","guid":{"rendered":"http:\/\/sites.ecclesia.pt\/cv\/?p=27281"},"modified":"2017-02-02T12:25:34","modified_gmt":"2017-02-02T12:25:34","slug":"catequese-de-adolescentes-um-desafio-permanente","status":"publish","type":"post","link":"https:\/\/sites.ecclesia.pt\/cv\/catequese-de-adolescentes-um-desafio-permanente\/","title":{"rendered":"Catequese de adolescentes, um desafio permanente"},"content":{"rendered":"<figure id=\"attachment_27282\" aria-describedby=\"caption-attachment-27282\" style=\"width: 4160px\" class=\"wp-caption alignnone\"><a href=\"https:\/\/sites.ecclesia.pt\/cv\/wp-content\/uploads\/2017\/02\/catequese-de-adolescentes.jpg\"><img loading=\"lazy\" decoding=\"async\" class=\"size-full wp-image-27282\" src=\"https:\/\/sites.ecclesia.pt\/cv\/wp-content\/uploads\/2017\/02\/catequese-de-adolescentes.jpg\" alt=\"\" width=\"4160\" height=\"2336\" srcset=\"https:\/\/sites.ecclesia.pt\/cv\/wp-content\/uploads\/2017\/02\/catequese-de-adolescentes.jpg 4160w, https:\/\/sites.ecclesia.pt\/cv\/wp-content\/uploads\/2017\/02\/catequese-de-adolescentes-300x168.jpg 300w, https:\/\/sites.ecclesia.pt\/cv\/wp-content\/uploads\/2017\/02\/catequese-de-adolescentes-768x431.jpg 768w, https:\/\/sites.ecclesia.pt\/cv\/wp-content\/uploads\/2017\/02\/catequese-de-adolescentes-1024x575.jpg 1024w, https:\/\/sites.ecclesia.pt\/cv\/wp-content\/uploads\/2017\/02\/catequese-de-adolescentes-70x40.jpg 70w\" sizes=\"auto, (max-width: 4160px) 100vw, 4160px\" \/><\/a><figcaption id=\"caption-attachment-27282\" class=\"wp-caption-text\">Aspeto dos participantes<\/figcaption><\/figure>\n<p>Participaram sessenta catequistas de adolescentes no encontro que se realizou na Casa Diocesana de Albergaria-a-Velha, no dia 21 de janeiro, com o P.e Rui Alberto como formador. No per\u00edodo da manh\u00e3, o P.e Rui Alberto debru\u00e7ou-se sobre a tem\u00e1tica da adolesc\u00eancia, destacando tratar-se de um tempo de constru\u00e7\u00e3o da identidade, a qual se vai formando numa tens\u00e3o permanente entre explora\u00e7\u00e3o e compromisso. Este tempo, por sua vez, n\u00e3o tem um espa\u00e7o temporal estabelecido ou uma idade espec\u00edfica definida, encontrando-se algures entre o in\u00edcio da puberdade e o in\u00edcio da fase adulta e variando por isso de indiv\u00edduo para indiv\u00edduo.<br \/>\nA catequese surge assim como uma forma de ir ao encontro dos adolescentes, dos seus problemas e viv\u00eancias. Leva-os a comprometerem-se e a iniciarem uma f\u00e9 adulta. Mais do que isso, a meta principal da catequese \u00e9 formar um crist\u00e3o adulto.<br \/>\nRefletiu depois sobre o perfil do catequista, Crist\u00e3o Adulto em miss\u00e3o que acredita, celebra, vive e reza em Igreja. Abordou ainda algumas estrat\u00e9gias \/ fatores de qualidade da catequese de adolescentes:<br \/>\n1. Grupo e suas intera\u00e7\u00f5es. A necessidade de transformar um amontoado de pessoas num grupo com um objetivo comum e com intera\u00e7\u00f5es ricas e frequentes.<br \/>\n2. Orientado por um adulto. A capacidade de suportar as dificuldades lan\u00e7adas pelos adolescentes e de saber separar os seus problemas dos problemas deles, dando o seu pr\u00f3prio testemunho como modelo vi\u00e1vel da F\u00e9.<br \/>\n3. Com as fam\u00edlias poss\u00edveis. Ter a capacidade de n\u00e3o excluir ningu\u00e9m e de saber aceitar o outro independentemente das suas origens ou estado social, sabendo envolver os motivados e os desmotivados.<br \/>\n4. Comunidade acolhedora. O alerta para a import\u00e2ncia da nossa comunidade como motivo de aproxima\u00e7\u00e3o ou afastamento dos adolescentes.<br \/>\n5. Conte\u00fados e vida. Conseguir dar sentido \u00e0s diversas situa\u00e7\u00f5es do dia-a-dia atrav\u00e9s dos ensinamentos da B\u00edblia.<br \/>\nD. Ant\u00f3nio Moiteiro esteve no encontro e dirigiu breves palavras aos catequistas, real\u00e7ando que a catequese visa \u201cp\u00f4r em comunh\u00e3o com Jesus\u201d, levando os catequizandos ao encontro pessoal com Cristo.<br \/>\nO P.e Rui Alberto, por sua vez, centrou a interven\u00e7\u00e3o da tarde no tema \u201cO grupo como experi\u00eancia de Igreja\u201d, tendo desenvolvido com os participantes algumas din\u00e2micas de grupo para os diferentes momentos do ato catequ\u00e9tico, que intitulou de \u201cboas pr\u00e1ticas\u201d.<\/p>\n<p><strong>M.P. e S.L.<\/strong><\/p>\n","protected":false},"excerpt":{"rendered":"<p>Participaram sessenta catequistas de adolescentes no encontro que se realizou na Casa Diocesana de Albergaria-a-Velha, no dia 21 de janeiro, com o P.e Rui Alberto como formador. No per\u00edodo da manh\u00e3, o P.e Rui Alberto debru\u00e7ou-se sobre a tem\u00e1tica da adolesc\u00eancia, destacando tratar-se de um tempo de constru\u00e7\u00e3o da identidade, a qual se vai formando [&hellip;]<\/p>\n","protected":false},"author":3,"featured_media":0,"comment_status":"closed","ping_status":"closed","sticky":false,"template":"","format":"standard","meta":{"footnotes":""},"categories":[70],"tags":[],"class_list":["post-27281","post","type-post","status-publish","format-standard","hentry","category-diocese"],"_links":{"self":[{"href":"https:\/\/sites.ecclesia.pt\/cv\/wp-json\/wp\/v2\/posts\/27281","targetHints":{"allow":["GET"]}}],"collection":[{"href":"https:\/\/sites.ecclesia.pt\/cv\/wp-json\/wp\/v2\/posts"}],"about":[{"href":"https:\/\/sites.ecclesia.pt\/cv\/wp-json\/wp\/v2\/types\/post"}],"author":[{"embeddable":true,"href":"https:\/\/sites.ecclesia.pt\/cv\/wp-json\/wp\/v2\/users\/3"}],"replies":[{"embeddable":true,"href":"https:\/\/sites.ecclesia.pt\/cv\/wp-json\/wp\/v2\/comments?post=27281"}],"version-history":[{"count":1,"href":"https:\/\/sites.ecclesia.pt\/cv\/wp-json\/wp\/v2\/posts\/27281\/revisions"}],"predecessor-version":[{"id":27283,"href":"https:\/\/sites.ecclesia.pt\/cv\/wp-json\/wp\/v2\/posts\/27281\/revisions\/27283"}],"wp:attachment":[{"href":"https:\/\/sites.ecclesia.pt\/cv\/wp-json\/wp\/v2\/media?parent=27281"}],"wp:term":[{"taxonomy":"category","embeddable":true,"href":"https:\/\/sites.ecclesia.pt\/cv\/wp-json\/wp\/v2\/categories?post=27281"},{"taxonomy":"post_tag","embeddable":true,"href":"https:\/\/sites.ecclesia.pt\/cv\/wp-json\/wp\/v2\/tags?post=27281"}],"curies":[{"name":"wp","href":"https:\/\/api.w.org\/{rel}","templated":true}]}}