{"id":27284,"date":"2017-02-02T15:22:48","date_gmt":"2017-02-02T15:22:48","guid":{"rendered":"http:\/\/sites.ecclesia.pt\/cv\/?p=27284"},"modified":"2017-02-02T15:22:48","modified_gmt":"2017-02-02T15:22:48","slug":"a-visita-do-bispo-aos-doentes-e-a-igreja-que-vai-ao-encontro-dos-seus-filhos-mais-frageis","status":"publish","type":"post","link":"https:\/\/sites.ecclesia.pt\/cv\/a-visita-do-bispo-aos-doentes-e-a-igreja-que-vai-ao-encontro-dos-seus-filhos-mais-frageis\/","title":{"rendered":"A visita do bispo aos doentes \u00e9 a Igreja que vai ao encontro dos seus filhos mais fr\u00e1geis"},"content":{"rendered":"<figure id=\"attachment_27285\" aria-describedby=\"caption-attachment-27285\" style=\"width: 2848px\" class=\"wp-caption alignnone\"><a href=\"https:\/\/sites.ecclesia.pt\/cv\/wp-content\/uploads\/2017\/02\/03-ponha-a-outra-na-capa.jpg\"><img loading=\"lazy\" decoding=\"async\" class=\"size-full wp-image-27285\" src=\"https:\/\/sites.ecclesia.pt\/cv\/wp-content\/uploads\/2017\/02\/03-ponha-a-outra-na-capa.jpg\" alt=\"\" width=\"2848\" height=\"2136\" srcset=\"https:\/\/sites.ecclesia.pt\/cv\/wp-content\/uploads\/2017\/02\/03-ponha-a-outra-na-capa.jpg 2848w, https:\/\/sites.ecclesia.pt\/cv\/wp-content\/uploads\/2017\/02\/03-ponha-a-outra-na-capa-300x225.jpg 300w, https:\/\/sites.ecclesia.pt\/cv\/wp-content\/uploads\/2017\/02\/03-ponha-a-outra-na-capa-768x576.jpg 768w, https:\/\/sites.ecclesia.pt\/cv\/wp-content\/uploads\/2017\/02\/03-ponha-a-outra-na-capa-1024x768.jpg 1024w\" sizes=\"auto, (max-width: 2848px) 100vw, 2848px\" \/><\/a><figcaption id=\"caption-attachment-27285\" class=\"wp-caption-text\">D. Ant\u00f3nio Moiteiro crismou sete jovens<\/figcaption><\/figure>\n<p><strong>Bispo de Aveiro partilhou sobre os principais momentos da visita pastoral, que inclui sempre a visita aos doentes, e crismou sete jovens. \u00c0 Gafanha do Carmo pediu mais forma\u00e7\u00e3o e comunh\u00e3o.<\/strong><\/p>\n<p>D. Ant\u00f3nio Moiteiro encerrou a visita pastoral \u00e0 Gafanha do Carmo no domingo, 29 de janeiro, depois de uma \u201csemana muito rica\u201d em que acompanhou as pessoas, grupos e institui\u00e7\u00f5es e p\u00f4de notar \u201calguns desafios principais que Deus coloca \u00e0 nossa frente para construir a Igreja\u201d nesta terra do concelho de \u00cdlhavo.<br \/>\nNa homilia, o Bispo de Aveiro explicou o porqu\u00ea de algumas a\u00e7\u00f5es da visita pastoral, antes de apontar desafios \u00e0 comunidade. Disse que visitou cerca de 25 doentes porque eles s\u00e3o \u201cfilhos da Igreja\u201d e a Igreja, na sua pessoa, como m\u00e3e, tem de ir ao encontro dos filhos, se os filhos n\u00e3o podem ir ter com ela. Considerou ter sido \u201cmuito \u00fatil\u201d o encontro com as diversas associa\u00e7\u00f5es, do rancho \u00e0 associa\u00e7\u00e3o de pais, passando pela associa\u00e7\u00e3o desportiva, porque \u201ctodos est\u00e3o ao servi\u00e7o do bem comum\u201d. \u201cO que se puder fazer para uns colaborarem com os outros \u00e9 o caminho para uma sociedade mais justa e fraterna\u201d, real\u00e7ou. Referiu ainda que dedicou algum tempo ao centro social, saudando todos os utentes e visitando os acamados. No que diz respeito ao di\u00e1logo com a sociedade civil, salientou, por outro lado, o contacto com a Junta de Freguesia como \u201cinstitui\u00e7\u00e3o que est\u00e1 ao servi\u00e7o da mesma comunidade\u201d [que a Igreja]. A constru\u00e7\u00e3o da capela mortu\u00e1ria, estrutura da junta que ser\u00e1 frequentemente usada para servi\u00e7os religiosos (e n\u00e3o religiosos), \u00e9 um exemplo de \u201ccolabora\u00e7\u00e3o e interajuda\u201d. Referiu, por \u00faltimo, os encontros com as catequeses e os escuteiros, bem como com os paroquianos em geral na assembleia paroquial.<br \/>\nQuanto aos desafios, D. Ant\u00f3nio Moiteiro insistiu na forma\u00e7\u00e3o, como tem feito na visita \u00e0s outras par\u00f3quias, e na comunh\u00e3o. \u201cNunca estamos completos. H\u00e1 sempre algo para aprender. Algo a desenvolver na rela\u00e7\u00e3o com Deus. O disc\u00edpulo procura crescer para atingir a meta do encontro com Cristo\u201d, disse, salientando a forma\u00e7\u00e3o de adultos em grupo. Pediu tamb\u00e9m para que a comunidade viva a comunh\u00e3o participando mais na Eucaristia \u2013 a \u201cP\u00e1scoa semanal\u201d \u2013 e promovendo h\u00e1bitos de ora\u00e7\u00e3o \u2013 desafios o P.e Pedro Jos\u00e9, p\u00e1roco, sintetizou no final da Eucaristia.<\/p>\n<p><strong>Jovens fermento<\/strong><br \/>\nNum dia em que cinco jovens da Gafanha do Carmo e dois da Gafanha da Encarna\u00e7\u00e3o receberam o sacramento do Crisma, D. Ant\u00f3nio Moiteiro sublinhou que o sacramento significa que os jovens querem continuar a fazer parte da comunidade e convidou-os a serem fermento na constru\u00e7\u00e3o comunit\u00e1ria. \u201cEu n\u00e3o sei fazer um bolo, digo desde j\u00e1, mas sei que leva fermento\u201d, disse-lhes, para os convidar a serem princ\u00edpio ativo na Gafanha do Carmo.<br \/>\nNo caminho de felicidade que \u00e9 a proposta crist\u00e3, destacam-se as Bem-Aventuran\u00e7as, proclamadas na leitura do Evangelho daquele domingo. S\u00e3o uma \u201cs\u00e9rie de sinais e atitudes\u201d que cada um deve seguir no caminho que leva a Jesus, esclareceu o Bispo de Aveiro.<\/p>\n<p><strong>J.P.F.<\/strong><\/p>\n<p>&nbsp;<\/p>\n<h2><\/h2>\n<figure id=\"attachment_27287\" aria-describedby=\"caption-attachment-27287\" style=\"width: 200px\" class=\"wp-caption alignnone\"><a href=\"https:\/\/sites.ecclesia.pt\/cv\/wp-content\/uploads\/2017\/02\/luisa.jpg\"><img loading=\"lazy\" decoding=\"async\" class=\"size-full wp-image-27287\" src=\"https:\/\/sites.ecclesia.pt\/cv\/wp-content\/uploads\/2017\/02\/luisa.jpg\" alt=\"\" width=\"200\" height=\"226\" \/><\/a><figcaption id=\"caption-attachment-27287\" class=\"wp-caption-text\">Lu\u00edsa Diamantino<\/figcaption><\/figure>\n<h2>Da Gafanha do Carmo, com amor<\/h2>\n<p>No final da celebra\u00e7\u00e3o, aben\u00e7oando os jovens crismados, D. Ant\u00f3nio Moiteiro aben\u00e7oou tamb\u00e9m Lu\u00edsa Diamantino, que vai viver os meses de fevereiro e mar\u00e7o em voluntariado no Qu\u00e9nia. A jovem, na casa dos 30 anos, n\u00e3o vai em nome de nenhuma institui\u00e7\u00e3o ou organiza\u00e7\u00e3o religiosa, mas conta com o apoio da par\u00f3quia, onde era catequista, e sente que assume a miss\u00e3o \u201ctamb\u00e9m como catequista\u201d, numa perspetiva de f\u00e9, como contou ao Correio do Vouga.<br \/>\nLu\u00edsa Diamantino, que era secret\u00e1ria administrativa de profiss\u00e3o, h\u00e1 muito queria ser volunt\u00e1ria num pa\u00eds africano. Quando viu uma reportagem sobre o projeto \u201cFrom Kibera with Love\u201d (\u201cDe Kibera com amor\u201d), desenvolvido pela portuguesa Marta Baeta, entrou em contacto com a mentora e logo se juntou ao projeto, que vai no quarto ano. Agora, esperam-na cerca de sessenta crian\u00e7as, numa escola na favela de Kibera, provavelmente a maior de \u00c1frica, nos arredores de Nair\u00f3bi, capital do Qu\u00e9nia. Lu\u00edsa Diamantino vai dar apoio nas aulas de Franc\u00eas e Ingl\u00eas.<\/p>\n<p>&nbsp;<\/p>\n<p><a href=\"https:\/\/sites.ecclesia.pt\/cv\/wp-content\/uploads\/2017\/02\/gato.jpg\"><img loading=\"lazy\" decoding=\"async\" class=\"alignnone size-full wp-image-27288\" src=\"https:\/\/sites.ecclesia.pt\/cv\/wp-content\/uploads\/2017\/02\/gato.jpg\" alt=\"\" width=\"200\" height=\"207\" \/><\/a><\/p>\n<h2>O gato atento<\/h2>\n<p>Na semana passada, escrevia o P.e Vitor Espadilha (Po\u00e7o de Jacob, \u201cA Basilinha\u201d) que o bispo norte-americano Fulton Sheen aprendeu com um gato ou um c\u00e3o que, por vezes, para rezar, interessava apenas \u201cestar ali\u201d diante do Senhor, como s\u00f3 os animais sabem estar, \u201cgratuitamente\u201d, em \u201cpresen\u00e7a silenciosa\u201d. Ora no domingo, na Gafanha do Carmo, um gato (ou gata) passeou silenciosamente pela assembleia, sem perturbar quem quer que fosse. Recebeu uma ou outra festinha, mas sem causar grandes distra\u00e7\u00f5es. Talvez a assembleia estivesse habituada. Talvez o gato estivesse habituado. Certo \u00e9 que passou a homilia sentado ao lado do rep\u00f3rter do Correio do Vouga.<\/p>\n<p>&nbsp;<\/p>\n<p>&nbsp;<\/p>\n<p>&nbsp;<\/p>\n","protected":false},"excerpt":{"rendered":"<p>Bispo de Aveiro partilhou sobre os principais momentos da visita pastoral, que inclui sempre a visita aos doentes, e crismou sete jovens. \u00c0 Gafanha do Carmo pediu mais forma\u00e7\u00e3o e comunh\u00e3o. D. Ant\u00f3nio Moiteiro encerrou a visita pastoral \u00e0 Gafanha do Carmo no domingo, 29 de janeiro, depois de uma \u201csemana muito rica\u201d em que [&hellip;]<\/p>\n","protected":false},"author":3,"featured_media":27286,"comment_status":"closed","ping_status":"closed","sticky":false,"template":"","format":"standard","meta":{"footnotes":""},"categories":[38],"tags":[],"class_list":["post-27284","post","type-post","status-publish","format-standard","has-post-thumbnail","hentry","category-destaque"],"_links":{"self":[{"href":"https:\/\/sites.ecclesia.pt\/cv\/wp-json\/wp\/v2\/posts\/27284","targetHints":{"allow":["GET"]}}],"collection":[{"href":"https:\/\/sites.ecclesia.pt\/cv\/wp-json\/wp\/v2\/posts"}],"about":[{"href":"https:\/\/sites.ecclesia.pt\/cv\/wp-json\/wp\/v2\/types\/post"}],"author":[{"embeddable":true,"href":"https:\/\/sites.ecclesia.pt\/cv\/wp-json\/wp\/v2\/users\/3"}],"replies":[{"embeddable":true,"href":"https:\/\/sites.ecclesia.pt\/cv\/wp-json\/wp\/v2\/comments?post=27284"}],"version-history":[{"count":1,"href":"https:\/\/sites.ecclesia.pt\/cv\/wp-json\/wp\/v2\/posts\/27284\/revisions"}],"predecessor-version":[{"id":27289,"href":"https:\/\/sites.ecclesia.pt\/cv\/wp-json\/wp\/v2\/posts\/27284\/revisions\/27289"}],"wp:featuredmedia":[{"embeddable":true,"href":"https:\/\/sites.ecclesia.pt\/cv\/wp-json\/wp\/v2\/media\/27286"}],"wp:attachment":[{"href":"https:\/\/sites.ecclesia.pt\/cv\/wp-json\/wp\/v2\/media?parent=27284"}],"wp:term":[{"taxonomy":"category","embeddable":true,"href":"https:\/\/sites.ecclesia.pt\/cv\/wp-json\/wp\/v2\/categories?post=27284"},{"taxonomy":"post_tag","embeddable":true,"href":"https:\/\/sites.ecclesia.pt\/cv\/wp-json\/wp\/v2\/tags?post=27284"}],"curies":[{"name":"wp","href":"https:\/\/api.w.org\/{rel}","templated":true}]}}