{"id":27290,"date":"2017-02-09T16:52:09","date_gmt":"2017-02-09T16:52:09","guid":{"rendered":"http:\/\/sites.ecclesia.pt\/cv\/?p=27290"},"modified":"2017-02-09T16:52:09","modified_gmt":"2017-02-09T16:52:09","slug":"tumulo-de-santa-joana-princesa-santuario-de-cristaos-riqueza-de-aveiro","status":"publish","type":"post","link":"https:\/\/sites.ecclesia.pt\/cv\/tumulo-de-santa-joana-princesa-santuario-de-cristaos-riqueza-de-aveiro\/","title":{"rendered":"T\u00famulo de Santa Joana Princesa: santu\u00e1rio de crist\u00e3os, riqueza de Aveiro"},"content":{"rendered":"<figure id=\"attachment_25577\" aria-describedby=\"caption-attachment-25577\" style=\"width: 150px\" class=\"wp-caption alignnone\"><a href=\"https:\/\/sites.ecclesia.pt\/cv\/wp-content\/uploads\/2015\/01\/nunopaula.jpg\"><img loading=\"lazy\" decoding=\"async\" class=\"wp-image-25577\" src=\"https:\/\/sites.ecclesia.pt\/cv\/wp-content\/uploads\/2015\/01\/nunopaula.jpg\" width=\"150\" height=\"188\" \/><\/a><figcaption id=\"caption-attachment-25577\" class=\"wp-caption-text\">NUNO GON\u00c7ALO DA PAULA<br \/> Provedor da Irmandade de Santa Joana Princesa<\/figcaption><\/figure>\n<p>Pe\u00e7a de arte preciosa, o T\u00famulo onde repousam desde 1711 os restos mortais da Princesa Santa Joana, nossa Padroeira, constitui uma harmoniosa unidade entre o labor art\u00edstico e a realidade espiritual.<br \/>\nDe facto, a encomenda real que concebeu o T\u00famulo da Infanta aprimorou o que de mais belo existe nos m\u00e1rmores embutidos, numa profus\u00e3o de elementos e efeitos magn\u00edficos. \u00c9 natural que ele se insira no percurso monumental do nosso Museu de Aveiro. Mas a coloca\u00e7\u00e3o dos v\u00e1rios locais de venera\u00e7\u00e3o aos restos mortais de Santa Joana no Coro de baixo do antigo Mosteiro, revelam que, independentemente da mat\u00e9ria, h\u00e1 n\u00edtida inten\u00e7\u00e3o e disposi\u00e7\u00e3o do espa\u00e7o para o recolhimento e ora\u00e7\u00e3o junto do que entre n\u00f3s ainda se conserva da Padroeira.<br \/>\nN\u00e3o \u00e9 efetivamente f\u00e1cil criar um clima prop\u00edcio \u00e0 dimens\u00e3o espiritual numa unidade museol\u00f3gica. \u00c9 um desafio que a capacidade de adapta\u00e7\u00e3o foi concretizando ao longo dos anos.<br \/>\nH\u00e1 j\u00e1 alguns anos, por esfor\u00e7o da Comiss\u00e3o Administrativa da Irmandade, foi poss\u00edvel a todos a visita ao T\u00famulo, sem isso incluir necessariamente o pagamento de uma entrada normal no Museu. Assim se mant\u00e9m at\u00e9 hoje. Quem quiser permanecer naquele espa\u00e7o \u00e9 acolhido com simpatia pelos seus funcion\u00e1rios e pode ali realizar um momento de recolhimento, dentro do hor\u00e1rio de funcionamento da institui\u00e7\u00e3o.<br \/>\nMais recentemente, uma voz atenta sugeriu a disposi\u00e7\u00e3o de um genuflex\u00f3rio para quem, numa atitude humilde, queira aproximar-se do mausol\u00e9u de Santa Joana. Ele l\u00e1 est\u00e1 discreto e dispon\u00edvel.<br \/>\nUm vaso com \u00e1gua receber\u00e1 igualmente, para quem desejar, uma flor: esse elemento que desde a morte da Padroeira t\u00e3o ligado est\u00e1 ao seu culto.<br \/>\nDe forma muito discreta se depositou igualmente uma caixa, que sabe guardar o segredo da nossa esmola. O seu produto, junto com o \u00d3bolo dos Irm\u00e3os de Santa Joana, concretiza, na sua totalidade, uma a\u00e7\u00e3o de solidariedade social anual pela Irmandade.<br \/>\nFinalmente e correspondendo a um donativo particular, passar\u00e1 a existir, por estes dias e por oferta de uma m\u00e3o amiga, pagelas que cont\u00e9m as principais efem\u00e9rides da Infanta e da ora\u00e7\u00e3o pro-canoniza\u00e7\u00e3o composta pelo Bispo de Aveiro. Estar\u00e3o \u00e0 disposi\u00e7\u00e3o em l\u00edngua portuguesa, espanhola e inglesa.<br \/>\nA uma visita piedosa s\u00f3 n\u00e3o \u00e9 permitido acender uma vela, dado o revestimento de madeira e cujas regras museol\u00f3gicas desaconselham.<br \/>\nCerta vez, que acompanhei um grupo de visitantes ao Museu, chegados ao Coro de baixo, algu\u00e9m me fez notar a \u201cdesproporcionalidade\u201d do T\u00famulo de Santa Joana em rela\u00e7\u00e3o ao espa\u00e7o. Quem sabe se inspirado pela Padroeira, respondi de imediato que talvez isso significasse a grandeza da presen\u00e7a duma mulher num espa\u00e7o t\u00e3o pequeno e pobre como Aveiro e t\u00e3o humilde e rigoroso como o Mosteiro de Jesus.<br \/>\nO lugar de sepultamento de Santa Joana, em campa rasa \u2013 como era seu desejo \u2013 ou em monumento mais sumptuoso, \u00e9 espa\u00e7o h\u00e1 mais de 500 anos dispon\u00edvel \u00e0 ora\u00e7\u00e3o, recolhimento, agradecimento, s\u00faplica ou tudo isso. Poderemos visitar o espa\u00e7o, como turistas, analisar estilos, descobrir pormenores, atentar em datas. Tudo isso est\u00e1 bem. Mas para um crist\u00e3o, ali est\u00e3o, diante de n\u00f3s, o que para a terra ficou quem n\u00f3s acreditamos ser nossa intercessora no C\u00e9u; ela que foi nossa irm\u00e3 na f\u00e9 e, como reconheceu a Igreja, cumpridora das bem-aventuran\u00e7as. Quantos santu\u00e1rios n\u00e3o t\u00eam como pe\u00e7a fundamental um t\u00famulo? Para um Aveirense significar\u00e1 unir-se a uma constante peregrina\u00e7\u00e3o que ao longo dos s\u00e9culos se tem abeirado da Padroeira de Aveiro.<br \/>\nQue bom seria que grupos organizados das nossas \u00e1reas de interven\u00e7\u00e3o pastoral, antes das suas atividades, ali rezassem, em dia determinado, e depusessem os seus projetos e concretiza\u00e7\u00f5es; que belo seria que crian\u00e7as de catequese soubessem come\u00e7ar a ultrapassar a frieza daquele espa\u00e7o, trouxessem na m\u00e3o uma flor ou apenas formassem um cord\u00e3o de f\u00e9 de m\u00e3os dadas em volta do T\u00famulo; que reconfortante seria que nas atividades externas dos idosos e doentes em institui\u00e7\u00f5es da Igreja confiassem as suas dores, l\u00e1grimas e momentos de solid\u00e3o a uma mulher que morreu ap\u00f3s grande sofrimento, no esplendor da juventude.<br \/>\nOxal\u00e1 estes pequenos detalhes e possibilidades despertem uma aproxima\u00e7\u00e3o maior, uma familiaridade crescente de devotos, aveirenses e visitantes junto do T\u00famulo de Santa Joana Princesa. A Padroeira estar\u00e1 certamente atenta e sol\u00edcita \u00e0s nossas preces. T\u00e3o mais ser\u00e1 nossa irm\u00e3 na f\u00e9 quanto mais nos aproximarmos da sua vida, a imitarmos e soubermos hoje interpretar as suas a\u00e7\u00f5es corajosas e transcendentes.<\/p>\n","protected":false},"excerpt":{"rendered":"<p>Pe\u00e7a de arte preciosa, o T\u00famulo onde repousam desde 1711 os restos mortais da Princesa Santa Joana, nossa Padroeira, constitui uma harmoniosa unidade entre o labor art\u00edstico e a realidade espiritual. De facto, a encomenda real que concebeu o T\u00famulo da Infanta aprimorou o que de mais belo existe nos m\u00e1rmores embutidos, numa profus\u00e3o de [&hellip;]<\/p>\n","protected":false},"author":3,"featured_media":0,"comment_status":"closed","ping_status":"closed","sticky":false,"template":"","format":"standard","meta":{"footnotes":""},"categories":[62],"tags":[],"class_list":["post-27290","post","type-post","status-publish","format-standard","hentry","category-opiniao"],"_links":{"self":[{"href":"https:\/\/sites.ecclesia.pt\/cv\/wp-json\/wp\/v2\/posts\/27290","targetHints":{"allow":["GET"]}}],"collection":[{"href":"https:\/\/sites.ecclesia.pt\/cv\/wp-json\/wp\/v2\/posts"}],"about":[{"href":"https:\/\/sites.ecclesia.pt\/cv\/wp-json\/wp\/v2\/types\/post"}],"author":[{"embeddable":true,"href":"https:\/\/sites.ecclesia.pt\/cv\/wp-json\/wp\/v2\/users\/3"}],"replies":[{"embeddable":true,"href":"https:\/\/sites.ecclesia.pt\/cv\/wp-json\/wp\/v2\/comments?post=27290"}],"version-history":[{"count":1,"href":"https:\/\/sites.ecclesia.pt\/cv\/wp-json\/wp\/v2\/posts\/27290\/revisions"}],"predecessor-version":[{"id":27291,"href":"https:\/\/sites.ecclesia.pt\/cv\/wp-json\/wp\/v2\/posts\/27290\/revisions\/27291"}],"wp:attachment":[{"href":"https:\/\/sites.ecclesia.pt\/cv\/wp-json\/wp\/v2\/media?parent=27290"}],"wp:term":[{"taxonomy":"category","embeddable":true,"href":"https:\/\/sites.ecclesia.pt\/cv\/wp-json\/wp\/v2\/categories?post=27290"},{"taxonomy":"post_tag","embeddable":true,"href":"https:\/\/sites.ecclesia.pt\/cv\/wp-json\/wp\/v2\/tags?post=27290"}],"curies":[{"name":"wp","href":"https:\/\/api.w.org\/{rel}","templated":true}]}}