{"id":27300,"date":"2017-02-09T17:02:34","date_gmt":"2017-02-09T17:02:34","guid":{"rendered":"http:\/\/sites.ecclesia.pt\/cv\/?p=27300"},"modified":"2017-02-09T17:02:42","modified_gmt":"2017-02-09T17:02:42","slug":"nos-nossos-dias-ser-dirigente-e-um-posto-quando-deveria-ser-um-servico","status":"publish","type":"post","link":"https:\/\/sites.ecclesia.pt\/cv\/nos-nossos-dias-ser-dirigente-e-um-posto-quando-deveria-ser-um-servico\/","title":{"rendered":"Nos nossos dias &#8220;ser dirigente \u00e9 um posto, quando deveria ser um servi\u00e7o&#8221;"},"content":{"rendered":"<p><strong>Encontro com assistentes religiosos dos agrupamentos da Regi\u00e3o de Aveiro debateu o acompanhamento pedag\u00f3gico e espiritual a que s\u00e3o chamados a dar aos escuteiros.<\/strong><\/p>\n<p>&nbsp;<\/p>\n<figure id=\"attachment_27301\" aria-describedby=\"caption-attachment-27301\" style=\"width: 960px\" class=\"wp-caption alignnone\"><a href=\"https:\/\/sites.ecclesia.pt\/cv\/wp-content\/uploads\/2017\/02\/cne.jpg\"><img loading=\"lazy\" decoding=\"async\" class=\"size-full wp-image-27301\" src=\"https:\/\/sites.ecclesia.pt\/cv\/wp-content\/uploads\/2017\/02\/cne.jpg\" alt=\"\" width=\"960\" height=\"720\" srcset=\"https:\/\/sites.ecclesia.pt\/cv\/wp-content\/uploads\/2017\/02\/cne.jpg 960w, https:\/\/sites.ecclesia.pt\/cv\/wp-content\/uploads\/2017\/02\/cne-300x225.jpg 300w, https:\/\/sites.ecclesia.pt\/cv\/wp-content\/uploads\/2017\/02\/cne-768x576.jpg 768w\" sizes=\"auto, (max-width: 960px) 100vw, 960px\" \/><\/a><figcaption id=\"caption-attachment-27301\" class=\"wp-caption-text\">D. Ant\u00f3nio Moiteiro real\u00e7ou que\u00a0o valor do movimento passa muito pelos seus dirigentes<\/figcaption><\/figure>\n<p>&nbsp;<\/p>\n<p>Reuniram no dia 30 de janeiro, na \u201cBase Regional\u201d dos Escuteiros de Aveiro, os assistentes de 13 dos 44 agrupamentos da regi\u00e3o, em \u201cEncontro Regional de Assistentes 2017\u201d (ERA2017). O Assistente Regional, P.e Manuel Augusto Oliveira, e o Chefe Regional Adjunto, Fernando Cassola, coordenaram os trabalhos, que contaram com a presen\u00e7a de D. Ant\u00f3nio Moiteiro Ramos, Bispo de Aveiro.<br \/>\nOs \u00faltimos quatro encontros com assistentes tinham procurado reativar e fortalecer conhecimentos acerca do \u201cPrograma Educativo do CNE\u201d \u2013 em implementa\u00e7\u00e3o desde 2010, assim como do \u201cSistema de Forma\u00e7\u00e3o de Adultos\u201d, em vigor desde 2014. Al\u00e9m disso, tiveram \u201cem mira\u201d tamb\u00e9m o papel, fun\u00e7\u00e3o e interven\u00e7\u00e3o do assistente de agrupamento junto das diversas realidades da \u201cescola escutista\u201d.<br \/>\nNeste ERA2017 foram abordadas alguns aspetos das novas facetas do acompanhamento pedag\u00f3gico e espiritual dos assistentes nos agrupamentos, nomeadamente no apoio ao desenvolvimento dos planos individuais de progresso dos escuteiros nas v\u00e1rias sec\u00e7\u00f5es. Al\u00e9m disso, foram avaliadas e analisadas as v\u00e1rias experi\u00eancias de prepara\u00e7\u00e3o e realiza\u00e7\u00e3o de \u201cvig\u00edlias\u201d e encontros de ora\u00e7\u00e3o de escuteiros nos agrupamentos, assim como a estrutura e prepara\u00e7\u00e3o das cerim\u00f3nias das promessas e investiduras em comunidade e outros contextos similares.<br \/>\nFoi referido que as \u201cVig\u00edlias\u201d devem apresentar-se como o culminar de um itiner\u00e1rio espiritual de prepara\u00e7\u00e3o das \u201cPromessas\u201d. Esta prepara\u00e7\u00e3o deve come\u00e7ar meses antes &#8211; com v\u00e1rias a\u00e7\u00f5es e momentos, quer nos pequenos grupos quer nas atividades, quer comunidade, e intensificar-se nas proximidades da realiza\u00e7\u00e3o da \u201cVig\u00edlia\u201d e \u201cPromessa\u201d, inclusive com uma prepara\u00e7\u00e3o espec\u00edfica e sacramental. Nesta prepara\u00e7\u00e3o, o papel dos dirigentes \u00e9 o mais determinante de todos, n\u00e3o s\u00f3 na organiza\u00e7\u00e3o da \u201cVig\u00edlia\u201d e da \u201cPromessa\u201d, mas fundamentalmente no acompanhamento dos que se preparam para esse momento.<br \/>\nAlguns assistentes destacaram a confian\u00e7a, seguran\u00e7a e garantias que s\u00e3o dados ao servi\u00e7o da assist\u00eancia por dirigentes inseridos na vida paroquial, comprometidos na comunidade, envolvidos e interessados na sua forma\u00e7\u00e3o humana e crist\u00e3, sobretudo se tivermos em conta as vicissitudes causadas pela maior dificuldade de tempo e disponibilidade dos assistentes. Existem j\u00e1 dirigentes do CNE com esse perfil, mas \u00e9 uma realidade ainda escassa, em constru\u00e7\u00e3o, e que requer esfor\u00e7os acrescidos &#8211; que conta com a colabora\u00e7\u00e3o, al\u00e9m de assistentes, dos Chefes de Agrupamento e das oportunidades de forma\u00e7\u00e3o proporcionadas tamb\u00e9m pela Junta Regional e Aveiro.<br \/>\nD. Ant\u00f3nio Moiteiro Ramos frisou a esse prop\u00f3sito que neste momento, tal com em outras realidades associativas, seja em ambiente eclesial ou n\u00e3o, as situa\u00e7\u00f5es de maior dificuldade est\u00e3o ligadas aos dirigentes, aos que coordenam, aos que dirigem, n\u00e3o havendo uma normal renova\u00e7\u00e3o das lideran\u00e7as. Para muitos, disse o prelado aveirense, \u201cser dirigente \u00e9 um posto, quando deveria ser um servi\u00e7o\u00bb.<br \/>\nO encontro encerrou os seus trabalhos com alguns desafios, nomeadamente na revis\u00e3o de alguns aspetos da realiza\u00e7\u00e3o das vig\u00edlias e promessas.<\/p>\n<p><strong>M.A.<\/strong><\/p>\n","protected":false},"excerpt":{"rendered":"<p>Encontro com assistentes religiosos dos agrupamentos da Regi\u00e3o de Aveiro debateu o acompanhamento pedag\u00f3gico e espiritual a que s\u00e3o chamados a dar aos escuteiros. &nbsp; &nbsp; Reuniram no dia 30 de janeiro, na \u201cBase Regional\u201d dos Escuteiros de Aveiro, os assistentes de 13 dos 44 agrupamentos da regi\u00e3o, em \u201cEncontro Regional de Assistentes 2017\u201d (ERA2017). [&hellip;]<\/p>\n","protected":false},"author":3,"featured_media":0,"comment_status":"closed","ping_status":"closed","sticky":false,"template":"","format":"standard","meta":{"footnotes":""},"categories":[70],"tags":[],"class_list":["post-27300","post","type-post","status-publish","format-standard","hentry","category-diocese"],"_links":{"self":[{"href":"https:\/\/sites.ecclesia.pt\/cv\/wp-json\/wp\/v2\/posts\/27300","targetHints":{"allow":["GET"]}}],"collection":[{"href":"https:\/\/sites.ecclesia.pt\/cv\/wp-json\/wp\/v2\/posts"}],"about":[{"href":"https:\/\/sites.ecclesia.pt\/cv\/wp-json\/wp\/v2\/types\/post"}],"author":[{"embeddable":true,"href":"https:\/\/sites.ecclesia.pt\/cv\/wp-json\/wp\/v2\/users\/3"}],"replies":[{"embeddable":true,"href":"https:\/\/sites.ecclesia.pt\/cv\/wp-json\/wp\/v2\/comments?post=27300"}],"version-history":[{"count":2,"href":"https:\/\/sites.ecclesia.pt\/cv\/wp-json\/wp\/v2\/posts\/27300\/revisions"}],"predecessor-version":[{"id":27303,"href":"https:\/\/sites.ecclesia.pt\/cv\/wp-json\/wp\/v2\/posts\/27300\/revisions\/27303"}],"wp:attachment":[{"href":"https:\/\/sites.ecclesia.pt\/cv\/wp-json\/wp\/v2\/media?parent=27300"}],"wp:term":[{"taxonomy":"category","embeddable":true,"href":"https:\/\/sites.ecclesia.pt\/cv\/wp-json\/wp\/v2\/categories?post=27300"},{"taxonomy":"post_tag","embeddable":true,"href":"https:\/\/sites.ecclesia.pt\/cv\/wp-json\/wp\/v2\/tags?post=27300"}],"curies":[{"name":"wp","href":"https:\/\/api.w.org\/{rel}","templated":true}]}}