{"id":27304,"date":"2017-02-09T17:04:42","date_gmt":"2017-02-09T17:04:42","guid":{"rendered":"http:\/\/sites.ecclesia.pt\/cv\/?p=27304"},"modified":"2017-02-09T17:04:42","modified_gmt":"2017-02-09T17:04:42","slug":"deus-os-criou-homem-e-mulher-gn-127","status":"publish","type":"post","link":"https:\/\/sites.ecclesia.pt\/cv\/deus-os-criou-homem-e-mulher-gn-127\/","title":{"rendered":"&#8220;Deus os criou Homem e Mulher&#8221; (Gn 1,27)"},"content":{"rendered":"<figure id=\"attachment_27305\" aria-describedby=\"caption-attachment-27305\" style=\"width: 3264px\" class=\"wp-caption alignnone\"><a href=\"https:\/\/sites.ecclesia.pt\/cv\/wp-content\/uploads\/2017\/02\/forma\u00e7\u00e3o-do-clero.jpg\"><img loading=\"lazy\" decoding=\"async\" class=\"size-full wp-image-27305\" src=\"https:\/\/sites.ecclesia.pt\/cv\/wp-content\/uploads\/2017\/02\/forma\u00e7\u00e3o-do-clero.jpg\" alt=\"\" width=\"3264\" height=\"2448\" srcset=\"https:\/\/sites.ecclesia.pt\/cv\/wp-content\/uploads\/2017\/02\/forma\u00e7\u00e3o-do-clero.jpg 3264w, https:\/\/sites.ecclesia.pt\/cv\/wp-content\/uploads\/2017\/02\/forma\u00e7\u00e3o-do-clero-300x225.jpg 300w, https:\/\/sites.ecclesia.pt\/cv\/wp-content\/uploads\/2017\/02\/forma\u00e7\u00e3o-do-clero-768x576.jpg 768w, https:\/\/sites.ecclesia.pt\/cv\/wp-content\/uploads\/2017\/02\/forma\u00e7\u00e3o-do-clero-1024x768.jpg 1024w\" sizes=\"auto, (max-width: 3264px) 100vw, 3264px\" \/><\/a><figcaption id=\"caption-attachment-27305\" class=\"wp-caption-text\">Sess\u00e3o com o P.e Vasco Pinto Magalh\u00e3es<\/figcaption><\/figure>\n<p><strong>\u00a0<\/strong><\/p>\n<p><strong>Notas da forma\u00e7\u00e3o do Clero da Diocese de Aveiro, que decorreu ao longo de tr\u00eas dias (31 de janeiro, 1 e 2 de fevereiro), na Casa Diocesana em Albergaria-a-Velha.<\/strong><br \/>\nNo primeiro dia do encontro, o P.e Vasco Pinto Magalh\u00e3es, S.J., ofereceu um caminho de reflex\u00e3o antropol\u00f3gica partindo da refer\u00eancia b\u00edblica \u201cCriados \u00e0 imagem e semelhan\u00e7a de Deus\u201d, chegando a algumas quest\u00f5es b\u00e1sicas de Antropologia. De facto, a Antropologia Crist\u00e3 parte dos \u00abFins\u00bb (Escatologia), onde se revela o que seremos. Deus cria a humanidade para ser Sua imagem e semelhan\u00e7a. N\u00e3o se trata de ser \u201cimagem\u201d est\u00e1tica, mas sim imagem din\u00e2mica de Deus, e porque o Homem \u00e9 criado pelo Amor, ele n\u00e3o se fecha em si mesmo mas abre-se \u00e0 rela\u00e7\u00e3o, pois n\u00e3o pode negar a sua transcend\u00eancia. Na segunda parte deste mesmo dia, o Dr. Pedro Vaz Patto, Juiz, apresentou uma an\u00e1lise sociol\u00f3gica e legal das quest\u00f5es atuais, entre elas a ideologia de g\u00e9nero, o conceito de fam\u00edlia, a maternidade de substitui\u00e7\u00e3o, a ado\u00e7\u00e3o e coado\u00e7\u00e3o, etc.<br \/>\nNo segundo dia de forma\u00e7\u00e3o, o padre Jorge Cunha, diretor da Faculdade de Teologia do Porto, abordou \u201co in\u00edcio e o fim da vida: concep\u00e7\u00e3o; fecunda\u00e7\u00e3o medicamente assistida&#8230;\u201d. Neste \u00e2mbito, debru\u00e7ou-se sobre alguns temas: a ambiguidade da vida, a rela\u00e7\u00e3o entre a vida e o vivente, a vida do embri\u00e3o, o aborto, a procria\u00e7\u00e3o com ajuda m\u00e9dica, a ortotan\u00e1sia, a eutan\u00e1sia e a distan\u00e1sia, sublinhando que a eutan\u00e1sia \u00e9 imoral, mesmo que venha a ser permitida por lei.<br \/>\nO tema da eutan\u00e1sia continuou a ser abordado na tarde deste segundo dia, onde o Prof. Lu\u00eds Silva procurou responder \u00e0 quest\u00e3o \u201cPorque \u00e9 que legalizar a eutan\u00e1sia \u00e9 um erro?\u201d. A encerrar os trabalhos deste dia teve lugar no Semin\u00e1rio de Aveiro, e aberto \u00e0 comunidade em geral, uma confer\u00eancia pela Dra. Isabel Galri\u00e7a Neto: \u201cEutan\u00e1sia: o n\u00e3o direito \u00e0 vida\u201d.<br \/>\nNo terceiro e \u00faltimo dia, procurou-se elaborar uma \u201cleitura pastoral da Exorta\u00e7\u00e3o Apost\u00f3lica \u201cA alegria do Amor\u201d (\u201cAmoris laetitia\u201d) com o P.e Querubim Jos\u00e9, da Diocese de Aveiro, seguida da apresenta\u00e7\u00e3o de uma proposta para acompanhamento das fam\u00edlias da diocese, pelo P.e Joaquim Rocha, o qual nos recordou da exig\u00eancia acrescida na ajuda ao discernimento das pessoas, assim como a respetiva integra\u00e7\u00e3o.<br \/>\nAs jornadas de forma\u00e7\u00e3o do Clero de Aveiro culminaram com a celebra\u00e7\u00e3o da Eucaristia, no dia 2, presidida pelo bispo diocesano, D. Ant\u00f3nio Moiteiro, onde todos foram convidados a recordar a sua apresenta\u00e7\u00e3o ao Senhor pela ordena\u00e7\u00e3o diaconal e presbiteral.<\/p>\n","protected":false},"excerpt":{"rendered":"<p>\u00a0 Notas da forma\u00e7\u00e3o do Clero da Diocese de Aveiro, que decorreu ao longo de tr\u00eas dias (31 de janeiro, 1 e 2 de fevereiro), na Casa Diocesana em Albergaria-a-Velha. No primeiro dia do encontro, o P.e Vasco Pinto Magalh\u00e3es, S.J., ofereceu um caminho de reflex\u00e3o antropol\u00f3gica partindo da refer\u00eancia b\u00edblica \u201cCriados \u00e0 imagem e [&hellip;]<\/p>\n","protected":false},"author":3,"featured_media":0,"comment_status":"closed","ping_status":"closed","sticky":false,"template":"","format":"standard","meta":{"footnotes":""},"categories":[70],"tags":[],"class_list":["post-27304","post","type-post","status-publish","format-standard","hentry","category-diocese"],"_links":{"self":[{"href":"https:\/\/sites.ecclesia.pt\/cv\/wp-json\/wp\/v2\/posts\/27304","targetHints":{"allow":["GET"]}}],"collection":[{"href":"https:\/\/sites.ecclesia.pt\/cv\/wp-json\/wp\/v2\/posts"}],"about":[{"href":"https:\/\/sites.ecclesia.pt\/cv\/wp-json\/wp\/v2\/types\/post"}],"author":[{"embeddable":true,"href":"https:\/\/sites.ecclesia.pt\/cv\/wp-json\/wp\/v2\/users\/3"}],"replies":[{"embeddable":true,"href":"https:\/\/sites.ecclesia.pt\/cv\/wp-json\/wp\/v2\/comments?post=27304"}],"version-history":[{"count":1,"href":"https:\/\/sites.ecclesia.pt\/cv\/wp-json\/wp\/v2\/posts\/27304\/revisions"}],"predecessor-version":[{"id":27306,"href":"https:\/\/sites.ecclesia.pt\/cv\/wp-json\/wp\/v2\/posts\/27304\/revisions\/27306"}],"wp:attachment":[{"href":"https:\/\/sites.ecclesia.pt\/cv\/wp-json\/wp\/v2\/media?parent=27304"}],"wp:term":[{"taxonomy":"category","embeddable":true,"href":"https:\/\/sites.ecclesia.pt\/cv\/wp-json\/wp\/v2\/categories?post=27304"},{"taxonomy":"post_tag","embeddable":true,"href":"https:\/\/sites.ecclesia.pt\/cv\/wp-json\/wp\/v2\/tags?post=27304"}],"curies":[{"name":"wp","href":"https:\/\/api.w.org\/{rel}","templated":true}]}}