{"id":27307,"date":"2017-02-09T17:07:42","date_gmt":"2017-02-09T17:07:42","guid":{"rendered":"http:\/\/sites.ecclesia.pt\/cv\/?p=27307"},"modified":"2017-02-09T17:07:42","modified_gmt":"2017-02-09T17:07:42","slug":"visita-a-gafanha-da-nazare-comecou-no-meio-das-criancas","status":"publish","type":"post","link":"https:\/\/sites.ecclesia.pt\/cv\/visita-a-gafanha-da-nazare-comecou-no-meio-das-criancas\/","title":{"rendered":"Visita \u00e0 Gafanha da Nazar\u00e9 come\u00e7ou no meio das crian\u00e7as"},"content":{"rendered":"<figure id=\"attachment_27308\" aria-describedby=\"caption-attachment-27308\" style=\"width: 3024px\" class=\"wp-caption alignnone\"><a href=\"https:\/\/sites.ecclesia.pt\/cv\/wp-content\/uploads\/2017\/02\/interior-2.jpg\"><img loading=\"lazy\" decoding=\"async\" class=\"size-full wp-image-27308\" src=\"https:\/\/sites.ecclesia.pt\/cv\/wp-content\/uploads\/2017\/02\/interior-2.jpg\" alt=\"\" width=\"3024\" height=\"2016\" srcset=\"https:\/\/sites.ecclesia.pt\/cv\/wp-content\/uploads\/2017\/02\/interior-2.jpg 3024w, https:\/\/sites.ecclesia.pt\/cv\/wp-content\/uploads\/2017\/02\/interior-2-300x200.jpg 300w, https:\/\/sites.ecclesia.pt\/cv\/wp-content\/uploads\/2017\/02\/interior-2-768x512.jpg 768w, https:\/\/sites.ecclesia.pt\/cv\/wp-content\/uploads\/2017\/02\/interior-2-1024x683.jpg 1024w\" sizes=\"auto, (max-width: 3024px) 100vw, 3024px\" \/><\/a><figcaption id=\"caption-attachment-27308\" class=\"wp-caption-text\">D. Ant\u00f3nio Moiteiro saudou crian\u00e7as e catequistas ap\u00f3s a \u201cfoto de fam\u00edlia\u201d<\/figcaption><\/figure>\n<p>D. Ant\u00f3nio Moiteiro come\u00e7ou a visita pastoral \u00e0 Gafanha da Nazar\u00e9 presidindo \u00e0 \u201cFesta do Pai-Nosso\u201d com cerca de cem crian\u00e7as do segundo ano da catequese, no domingo, 5 de fevereiro. Numa homilia direcionada aos mais novos, o prelado explicou que o b\u00e1culo que trazia consigo era como um cajado de pastor porque \u201cos bispos s\u00e3o pastores\u201d. \u201cJesus \u00e9 que \u00e9 o Bom Pastor. N\u00f3s somos enviados para depois sermos pastores\u201d, disse aos mais novos.<br \/>\nNum domingo em que se escutou que Jesus proclamou que os disc\u00edpulos s\u00e3o sal da terra e luz do mundo, D. Ant\u00f3nio Moiteiro interrogou os mais novos sobre as \u201cboas obras que d\u00e3o sabor \u00e0 vida\u201d. E as respostas n\u00e3o se fizeram esperar: \u201cN\u00e3o bater\u201d, \u201crespeitar os outros\u201d, \u201camar\u201d.<br \/>\nNa introdu\u00e7\u00e3o \u00e0 celebra\u00e7\u00e3o, o p\u00e1roco, P.e C\u00e9sar Fernandes, explicou que a visita pastoral tem como finalidade ajudar a par\u00f3quia a ser mais igreja nas dimens\u00f5es prof\u00e9tica, sacerdotal e real. O Bispo de Aveiro explicaria a seguir que tais dimens\u00f5es significam, respetivamente, \u201cajudar a ver\u201d, \u201ccelebrar\u201d e \u201cservir\u201d. \u201cQuem \u00e9 a Igreja que serve? Somos todos. Igreja somos todos os que se re\u00fanem nesta casa que \u00e9 a igreja.\u201d<\/p>\n<p>&nbsp;<\/p>\n<p><strong>C\u00e1lice e patena do P.e Jeremias<\/strong><br \/>\nNo final da celebra\u00e7\u00e3o foi anunciado que o P.e Jeremias Vechina, falecido no dia 8 de outubro de 2016, ofereceu \u00e0 par\u00f3quia, por interm\u00e9dio do seu irm\u00e3o, P.e Jos\u00e9 Carlos, o c\u00e1lice e a patena dos 50 anos de ordena\u00e7\u00e3o (comemorados em setembro de 2016). Os dois objetos lit\u00fargicos, que ficar\u00e3o depositados no museu paroquial, ser\u00e3o usados durante a visita pastoral do Bispo de Aveiro, que decorre at\u00e9 ao dia 19 de fevereiro.<\/p>\n","protected":false},"excerpt":{"rendered":"<p>D. Ant\u00f3nio Moiteiro come\u00e7ou a visita pastoral \u00e0 Gafanha da Nazar\u00e9 presidindo \u00e0 \u201cFesta do Pai-Nosso\u201d com cerca de cem crian\u00e7as do segundo ano da catequese, no domingo, 5 de fevereiro. Numa homilia direcionada aos mais novos, o prelado explicou que o b\u00e1culo que trazia consigo era como um cajado de pastor porque \u201cos bispos [&hellip;]<\/p>\n","protected":false},"author":3,"featured_media":26059,"comment_status":"closed","ping_status":"closed","sticky":false,"template":"","format":"standard","meta":{"footnotes":""},"categories":[38,70],"tags":[],"class_list":["post-27307","post","type-post","status-publish","format-standard","has-post-thumbnail","hentry","category-destaque","category-diocese"],"_links":{"self":[{"href":"https:\/\/sites.ecclesia.pt\/cv\/wp-json\/wp\/v2\/posts\/27307","targetHints":{"allow":["GET"]}}],"collection":[{"href":"https:\/\/sites.ecclesia.pt\/cv\/wp-json\/wp\/v2\/posts"}],"about":[{"href":"https:\/\/sites.ecclesia.pt\/cv\/wp-json\/wp\/v2\/types\/post"}],"author":[{"embeddable":true,"href":"https:\/\/sites.ecclesia.pt\/cv\/wp-json\/wp\/v2\/users\/3"}],"replies":[{"embeddable":true,"href":"https:\/\/sites.ecclesia.pt\/cv\/wp-json\/wp\/v2\/comments?post=27307"}],"version-history":[{"count":1,"href":"https:\/\/sites.ecclesia.pt\/cv\/wp-json\/wp\/v2\/posts\/27307\/revisions"}],"predecessor-version":[{"id":27309,"href":"https:\/\/sites.ecclesia.pt\/cv\/wp-json\/wp\/v2\/posts\/27307\/revisions\/27309"}],"wp:featuredmedia":[{"embeddable":true,"href":"https:\/\/sites.ecclesia.pt\/cv\/wp-json\/wp\/v2\/media\/26059"}],"wp:attachment":[{"href":"https:\/\/sites.ecclesia.pt\/cv\/wp-json\/wp\/v2\/media?parent=27307"}],"wp:term":[{"taxonomy":"category","embeddable":true,"href":"https:\/\/sites.ecclesia.pt\/cv\/wp-json\/wp\/v2\/categories?post=27307"},{"taxonomy":"post_tag","embeddable":true,"href":"https:\/\/sites.ecclesia.pt\/cv\/wp-json\/wp\/v2\/tags?post=27307"}],"curies":[{"name":"wp","href":"https:\/\/api.w.org\/{rel}","templated":true}]}}