{"id":27322,"date":"2017-02-24T10:35:42","date_gmt":"2017-02-24T10:35:42","guid":{"rendered":"http:\/\/sites.ecclesia.pt\/cv\/?p=27322"},"modified":"2017-02-24T10:35:42","modified_gmt":"2017-02-24T10:35:42","slug":"bispo-de-aveiro-insiste-no-essencial-da-vida-crista","status":"publish","type":"post","link":"https:\/\/sites.ecclesia.pt\/cv\/bispo-de-aveiro-insiste-no-essencial-da-vida-crista\/","title":{"rendered":"Bispo de Aveiro insiste no essencial da vida crist\u00e3"},"content":{"rendered":"<figure id=\"attachment_27323\" aria-describedby=\"caption-attachment-27323\" style=\"width: 4500px\" class=\"wp-caption alignnone\"><a href=\"https:\/\/sites.ecclesia.pt\/cv\/wp-content\/uploads\/2017\/02\/01_capa-3.jpg\"><img loading=\"lazy\" decoding=\"async\" class=\"size-full wp-image-27323\" src=\"https:\/\/sites.ecclesia.pt\/cv\/wp-content\/uploads\/2017\/02\/01_capa-3.jpg\" alt=\"\" width=\"4500\" height=\"4002\" srcset=\"https:\/\/sites.ecclesia.pt\/cv\/wp-content\/uploads\/2017\/02\/01_capa-3.jpg 4500w, https:\/\/sites.ecclesia.pt\/cv\/wp-content\/uploads\/2017\/02\/01_capa-3-300x267.jpg 300w, https:\/\/sites.ecclesia.pt\/cv\/wp-content\/uploads\/2017\/02\/01_capa-3-768x683.jpg 768w, https:\/\/sites.ecclesia.pt\/cv\/wp-content\/uploads\/2017\/02\/01_capa-3-1024x911.jpg 1024w\" sizes=\"auto, (max-width: 4500px) 100vw, 4500px\" \/><\/a><figcaption id=\"caption-attachment-27323\" class=\"wp-caption-text\">Jovem do Grupo Etnogr\u00e1fico oferece um moliceiro no encerramento da visita pastoral \u00e0 par\u00f3quia<\/figcaption><\/figure>\n<p><strong>Encerramento da visita pastoral \u00e0 Gafanha da Nazar\u00e9. Santifica\u00e7\u00e3o, ser disc\u00edpulo, fazer forma\u00e7\u00e3o &#8211; os apelos do Bispo de Aveiro.<\/strong><\/p>\n<p>&nbsp;<\/p>\n<p>D. Ant\u00f3nio Moiteiro encerrou a visita pastoral \u00e0 Gafanha da Nazar\u00e9 fazendo tr\u00eas propostas \u00e0 comunidade crist\u00e3: que os crist\u00e3os se preocupem em conhecer e amar a Deus, porque o objetivo da vida crist\u00e3 \u00e9 a santifica\u00e7\u00e3o; que queiram ser disc\u00edpulos, que \u00e9 \u201cestar sempre a caminho\u201d na descoberta e no encontro com Jesus; e que apostem na forma\u00e7\u00e3o crist\u00e3, que tem de ser sempre \u201cmais e mais profunda\u201d, n\u00e3o s\u00f3 nas crian\u00e7as, mas tamb\u00e9m nos jovens e nos adultos, porque \u00e9 algo que \u201cnunca est\u00e1 completo\u201d.<br \/>\nDepois de duas semanas intensas, em que visitou doentes, escolas, catequeses, empresas, portos, falou com dirigentes aut\u00e1rquicos, associativos e desportivos, foi entrevistado pela r\u00e1dio e reuniu com as mais diversas pessoas ligadas \u00e0 Igreja ou n\u00e3o, o Bispo de Aveiro presidiu \u00e0 missa de encerramento, a que se seguiram, j\u00e1 no exterior da igreja, as atua\u00e7\u00f5es do Grupo Etnogr\u00e1fico da Gafanha da Nazar\u00e9 e da Banda Filarm\u00f3nica \u201cMusica Velha\u201d. Depois de uma largada de pombos, partilhou-se um bolo de cerca de 70 quilos. Encerrou-se em tom de festa a visita do pastor diocesano. A \u00faltima tinha sido em 1993.<br \/>\n\u201cForam 15 dias profundamente intensos\u201d, disse o P.e C\u00e9sar Fernandes, p\u00e1roco, no final da Eucaristia. \u201cTivemos a\u00e7\u00f5es muito vivenciais, visitando o mundo laboral, reunindo com pais e crian\u00e7as, visitando Schoenstatt, as associa\u00e7\u00f5es, a Obra da Provid\u00eancia [institui\u00e7\u00e3o de solidariedade social]\u2026 Alguma coisa ficou para tr\u00e1s, mas a semente est\u00e1 lan\u00e7ada. Para n\u00f3s, padres, tamb\u00e9m nos fez bem. Ajudou a focalizar o sacerd\u00f3cio\u201d, adiantou o p\u00e1roco da Gafanha da Nazar\u00e9.<br \/>\nD. Ant\u00f3nio Moiteiro est\u00e1 esta semana na Gafanha da Encarna\u00e7\u00e3o. Segue depois para S. Salvador de \u00cdlhavo, de 12 a 26 de mar\u00e7o, e encerra a visita a n\u00edvel arciprestal no dia 15 de junho, solenidade do Corpo e Sangue de Cristo.<\/p>\n","protected":false},"excerpt":{"rendered":"<p>Encerramento da visita pastoral \u00e0 Gafanha da Nazar\u00e9. Santifica\u00e7\u00e3o, ser disc\u00edpulo, fazer forma\u00e7\u00e3o &#8211; os apelos do Bispo de Aveiro. &nbsp; D. Ant\u00f3nio Moiteiro encerrou a visita pastoral \u00e0 Gafanha da Nazar\u00e9 fazendo tr\u00eas propostas \u00e0 comunidade crist\u00e3: que os crist\u00e3os se preocupem em conhecer e amar a Deus, porque o objetivo da vida crist\u00e3 [&hellip;]<\/p>\n","protected":false},"author":3,"featured_media":0,"comment_status":"closed","ping_status":"closed","sticky":false,"template":"","format":"standard","meta":{"footnotes":""},"categories":[38,70],"tags":[],"class_list":["post-27322","post","type-post","status-publish","format-standard","hentry","category-destaque","category-diocese"],"_links":{"self":[{"href":"https:\/\/sites.ecclesia.pt\/cv\/wp-json\/wp\/v2\/posts\/27322","targetHints":{"allow":["GET"]}}],"collection":[{"href":"https:\/\/sites.ecclesia.pt\/cv\/wp-json\/wp\/v2\/posts"}],"about":[{"href":"https:\/\/sites.ecclesia.pt\/cv\/wp-json\/wp\/v2\/types\/post"}],"author":[{"embeddable":true,"href":"https:\/\/sites.ecclesia.pt\/cv\/wp-json\/wp\/v2\/users\/3"}],"replies":[{"embeddable":true,"href":"https:\/\/sites.ecclesia.pt\/cv\/wp-json\/wp\/v2\/comments?post=27322"}],"version-history":[{"count":1,"href":"https:\/\/sites.ecclesia.pt\/cv\/wp-json\/wp\/v2\/posts\/27322\/revisions"}],"predecessor-version":[{"id":27324,"href":"https:\/\/sites.ecclesia.pt\/cv\/wp-json\/wp\/v2\/posts\/27322\/revisions\/27324"}],"wp:attachment":[{"href":"https:\/\/sites.ecclesia.pt\/cv\/wp-json\/wp\/v2\/media?parent=27322"}],"wp:term":[{"taxonomy":"category","embeddable":true,"href":"https:\/\/sites.ecclesia.pt\/cv\/wp-json\/wp\/v2\/categories?post=27322"},{"taxonomy":"post_tag","embeddable":true,"href":"https:\/\/sites.ecclesia.pt\/cv\/wp-json\/wp\/v2\/tags?post=27322"}],"curies":[{"name":"wp","href":"https:\/\/api.w.org\/{rel}","templated":true}]}}