{"id":27341,"date":"2017-03-02T11:54:55","date_gmt":"2017-03-02T11:54:55","guid":{"rendered":"http:\/\/sites.ecclesia.pt\/cv\/?p=27341"},"modified":"2017-03-02T11:54:55","modified_gmt":"2017-03-02T11:54:55","slug":"bispo-de-aveiro-na-gafanha-da-encarnacao-fizestes-me-muito-bem","status":"publish","type":"post","link":"https:\/\/sites.ecclesia.pt\/cv\/bispo-de-aveiro-na-gafanha-da-encarnacao-fizestes-me-muito-bem\/","title":{"rendered":"Bispo de Aveiro na Gafanha da Encarna\u00e7\u00e3o: &#8220;Fizestes-me muito bem&#8221;"},"content":{"rendered":"<figure id=\"attachment_27342\" aria-describedby=\"caption-attachment-27342\" style=\"width: 2848px\" class=\"wp-caption alignnone\"><a href=\"https:\/\/sites.ecclesia.pt\/cv\/wp-content\/uploads\/2017\/03\/DSCF1114.jpg\"><img loading=\"lazy\" decoding=\"async\" class=\"size-full wp-image-27342\" src=\"https:\/\/sites.ecclesia.pt\/cv\/wp-content\/uploads\/2017\/03\/DSCF1114.jpg\" alt=\"\" width=\"2848\" height=\"2136\" srcset=\"https:\/\/sites.ecclesia.pt\/cv\/wp-content\/uploads\/2017\/03\/DSCF1114.jpg 2848w, https:\/\/sites.ecclesia.pt\/cv\/wp-content\/uploads\/2017\/03\/DSCF1114-300x225.jpg 300w, https:\/\/sites.ecclesia.pt\/cv\/wp-content\/uploads\/2017\/03\/DSCF1114-768x576.jpg 768w, https:\/\/sites.ecclesia.pt\/cv\/wp-content\/uploads\/2017\/03\/DSCF1114-1024x768.jpg 1024w\" sizes=\"auto, (max-width: 2848px) 100vw, 2848px\" \/><\/a><figcaption id=\"caption-attachment-27342\" class=\"wp-caption-text\">O sacramento da un\u00e7\u00e3o dos doentes foi administrado a 50 pessoas<\/figcaption><\/figure>\n<p><strong>D. Ant\u00f3nio Moiteiro apelou \u00e0 forma\u00e7\u00e3o crist\u00e3 para colmatar \u201ccerto tradicionalismo\u201d.<\/strong><\/p>\n<p>&nbsp;<\/p>\n<p>No encerramento da visita pastoral \u00e0 Gafanha da Encarna\u00e7\u00e3o, D. Ant\u00f3nio Moiteiro alertou para a necessidade forma\u00e7\u00e3o e para a vida de disc\u00edpulos a que todos s\u00e3o chamados. O Bispo de Aveiro afirmou que ele pr\u00f3prio cresceu \u201cna f\u00e9\u201d ao visitar a par\u00f3quia e espera que a sua a\u00e7\u00e3o tenha avivado alguns setores da pastoral paroquial. \u201cFizestes-me muito bem\u201d, disse na homilia, apontando depois alguns setores a que deu aten\u00e7\u00e3o durante a semana: os doentes, as escolas, o trabalho, com a visita a algumas grandes unidades industriais sedeadas na freguesia, as catequeses, o encontro com respons\u00e1veis paroquiais\u2026 Apontou, por\u00e9m, duas \u00e1reas em que a comunidade crist\u00e3 tem de caminhar, como tem feito nas par\u00f3quias que j\u00e1 visitou. \u201cPor vezes nota-se \u2013 deixem passar a palavra \u2013 um certo tradicionalismo que se poderia colmatar esclarecendo a f\u00e9, com mais fundamenta\u00e7\u00e3o, com uma forma\u00e7\u00e3o mais intensa\u201d. O apelo da forma\u00e7\u00e3o crist\u00e3, portanto. Neste sentido lembrou que a diocese tem publicado pequenos livros de lectio divina, como \u00e9 o caso, no momento presente, do livro sobre S. Mateus. Por outro lado, afirmou que \u00e9 preciso maior aten\u00e7\u00e3o ao ser disc\u00edpulo, ao conhecimento e seguimento de Jesus.<br \/>\nNa celebra\u00e7\u00e3o, com o P.e Pedro Jos\u00e9, p\u00e1roco, e o Pe Jo\u00e3o Sarrico, colaborador, D. Ant\u00f3nio Moiteiro administrou o sacramento da Un\u00e7\u00e3o dos Doentes, n\u00e3o como sacramento derradeiro para quem est\u00e1 \u00e0s portas da morte \u2013 o sacramento j\u00e1 n\u00e3o se chama \u201cExtrema Un\u00e7\u00e3o\u201d, como explicou o prelado \u2013 mas como \u201csacramento de fortaleza\u201d, que ajuda quem est\u00e1 d\u00e9bil a \u201cassociar os seus sofrimentos a Jesus na salva\u00e7\u00e3o do mundo\u201d. Receberam o sacramento 50 pessoas.<br \/>\nNa assembleia da Missa de encerramento estavam o presidente da C\u00e2mara Municipal de \u00cdlhavo e o presidente da Junta de Freguesia da Gafanha da Encarna\u00e7\u00e3o. \u00c0 Eucaristia seguiu-se um almo\u00e7o de confraterniza\u00e7\u00e3o e angaria\u00e7\u00e3o de fundos.<\/p>\n<p><strong>J.P.F.<\/strong><\/p>\n","protected":false},"excerpt":{"rendered":"<p>D. Ant\u00f3nio Moiteiro apelou \u00e0 forma\u00e7\u00e3o crist\u00e3 para colmatar \u201ccerto tradicionalismo\u201d. &nbsp; No encerramento da visita pastoral \u00e0 Gafanha da Encarna\u00e7\u00e3o, D. Ant\u00f3nio Moiteiro alertou para a necessidade forma\u00e7\u00e3o e para a vida de disc\u00edpulos a que todos s\u00e3o chamados. O Bispo de Aveiro afirmou que ele pr\u00f3prio cresceu \u201cna f\u00e9\u201d ao visitar a par\u00f3quia [&hellip;]<\/p>\n","protected":false},"author":3,"featured_media":0,"comment_status":"closed","ping_status":"closed","sticky":false,"template":"","format":"standard","meta":{"footnotes":""},"categories":[70],"tags":[],"class_list":["post-27341","post","type-post","status-publish","format-standard","hentry","category-diocese"],"_links":{"self":[{"href":"https:\/\/sites.ecclesia.pt\/cv\/wp-json\/wp\/v2\/posts\/27341","targetHints":{"allow":["GET"]}}],"collection":[{"href":"https:\/\/sites.ecclesia.pt\/cv\/wp-json\/wp\/v2\/posts"}],"about":[{"href":"https:\/\/sites.ecclesia.pt\/cv\/wp-json\/wp\/v2\/types\/post"}],"author":[{"embeddable":true,"href":"https:\/\/sites.ecclesia.pt\/cv\/wp-json\/wp\/v2\/users\/3"}],"replies":[{"embeddable":true,"href":"https:\/\/sites.ecclesia.pt\/cv\/wp-json\/wp\/v2\/comments?post=27341"}],"version-history":[{"count":1,"href":"https:\/\/sites.ecclesia.pt\/cv\/wp-json\/wp\/v2\/posts\/27341\/revisions"}],"predecessor-version":[{"id":27343,"href":"https:\/\/sites.ecclesia.pt\/cv\/wp-json\/wp\/v2\/posts\/27341\/revisions\/27343"}],"wp:attachment":[{"href":"https:\/\/sites.ecclesia.pt\/cv\/wp-json\/wp\/v2\/media?parent=27341"}],"wp:term":[{"taxonomy":"category","embeddable":true,"href":"https:\/\/sites.ecclesia.pt\/cv\/wp-json\/wp\/v2\/categories?post=27341"},{"taxonomy":"post_tag","embeddable":true,"href":"https:\/\/sites.ecclesia.pt\/cv\/wp-json\/wp\/v2\/tags?post=27341"}],"curies":[{"name":"wp","href":"https:\/\/api.w.org\/{rel}","templated":true}]}}