{"id":27391,"date":"2017-03-16T11:54:11","date_gmt":"2017-03-16T11:54:11","guid":{"rendered":"http:\/\/sites.ecclesia.pt\/cv\/?p=27391"},"modified":"2017-03-16T11:54:11","modified_gmt":"2017-03-16T11:54:11","slug":"ilhavo-e-uma-comunidade-de-comunidades","status":"publish","type":"post","link":"https:\/\/sites.ecclesia.pt\/cv\/ilhavo-e-uma-comunidade-de-comunidades\/","title":{"rendered":"\u00cdlhavo \u00e9 &#8220;uma comunidade de comunidades&#8221;"},"content":{"rendered":"<figure id=\"attachment_27392\" aria-describedby=\"caption-attachment-27392\" style=\"width: 250px\" class=\"wp-caption alignnone\"><a href=\"https:\/\/sites.ecclesia.pt\/cv\/wp-content\/uploads\/2017\/03\/antoniocruz.jpg\"><img loading=\"lazy\" decoding=\"async\" class=\"size-full wp-image-27392\" src=\"https:\/\/sites.ecclesia.pt\/cv\/wp-content\/uploads\/2017\/03\/antoniocruz.jpg\" alt=\"\" width=\"250\" height=\"338\" srcset=\"https:\/\/sites.ecclesia.pt\/cv\/wp-content\/uploads\/2017\/03\/antoniocruz.jpg 250w, https:\/\/sites.ecclesia.pt\/cv\/wp-content\/uploads\/2017\/03\/antoniocruz-222x300.jpg 222w\" sizes=\"auto, (max-width: 250px) 100vw, 250px\" \/><\/a><figcaption id=\"caption-attachment-27392\" class=\"wp-caption-text\">P.e Ant\u00f3nio de Almeida Cruz<\/figcaption><\/figure>\n<p><strong>P\u00e1roco de \u00cdlhavo desde setembro de 2011, o padre Ant\u00f3nio de Almeida Cruz fala-nos da sua par\u00f3quia, \u201cuma comunidade de comunidades\u201d, que recebe a visita pastoral do Bispo de Aveiro at\u00e9 ao dia 26 de mar\u00e7o. A visita pastoral de D. Ant\u00f3nio Moiteiro \u00e0 par\u00f3quia mais populosa da diocese de Aveiro come\u00e7ou no dia 12 de mar\u00e7o.\u00a0<\/strong><\/p>\n<p>&nbsp;<\/p>\n<p><strong>CORREIO DO VOUGA &#8211; Como caracteriza em termos humanos a par\u00f3quia de S\u00e3o Salvador, que \u00e9 uma das maiores da Diocese de Aveiro? <\/strong><br \/>\n<strong>ANT\u00d3NIO ALMEIDA CRUZ<\/strong> \u2013 A par\u00f3quia de S. Salvador de \u00cdlhavo abrange a totalidade da freguesia de S. Salvador que tem cerca de 17 500 habitantes, distribu\u00eddos por 39 km2, sendo caracterizada por uma zona urbana (centro da cidade) e por uma zona mais rural (lugares na periferia). Encontramos nas pessoas uma grande liga\u00e7\u00e3o ao mar e de entusiasta devo\u00e7\u00e3o religiosa popular, nomeadamente ao Senhor Jesus dos Navegantes, aspetos que est\u00e3o bem patentes nas fam\u00edlias e nas casas das gentes desta par\u00f3quia. \u00c9 uma par\u00f3quia de contrastes, sendo que encontramos muita popula\u00e7\u00e3o envelhecida, mas ao mesmo tempo tamb\u00e9m casais jovens que trazem os seus filhos \u00e0 catequese.<br \/>\nPara al\u00e9m de ser uma par\u00f3quia grande, \u00e9 complexa. \u00c9, ali\u00e1s, como costumamos dizer por c\u00e1, uma comunidade de comunidades com tudo o que isso tem de positivo, mas tamb\u00e9m com tudo o que tem de problem\u00e1tico: a sua variedade, as suas viv\u00eancias diferenciadas, mas tamb\u00e9m os seus conflitos, os seus isolamentos e, por vezes, uma falta de consci\u00eancia plena da unidade paroquial e uma resist\u00eancia a essa mesma unidade.<br \/>\nAssim, al\u00e9m de comunidades onde semanalmente se celebra o culto e que s\u00e3o constitu\u00eddas por v\u00e1rios lugares \u2014 Igreja Matriz, Coutada, Ermida-Carvalheira, Gafanha de Aqu\u00e9m e Boa Vista, L\u00e9gua, Moitinhos, Senhora dos Campos e Vale de \u00cdlhavo \u2014 temos ainda as igrejas da Senhora do Pranto e da Vista Alegre e as capelas das congrega\u00e7\u00f5es religiosas: Irm\u00e3s do Amor de Deus (Lar de S\u00e3o Jos\u00e9), Irm\u00e3s Franciscanas (Obra da Crian\u00e7a), Irm\u00e3s do Bom Pastor (Lar Divino Salvador). \u00c9, pois, esta comunidade m\u00faltipla, mas que pretende caminhar por um caminho de unidade paroquial. Cada Centro das Comunidades funciona como uma quase par\u00f3quia. Algumas destas comunidades s\u00e3o maiores que algumas par\u00f3quias pequenas da Diocese.<\/p>\n<h4><\/h4>\n<h4>Leia a entrevista completa na edi\u00e7\u00e3o em papel do dia 15 de mar\u00e7o de 2017<\/h4>\n","protected":false},"excerpt":{"rendered":"<p>P\u00e1roco de \u00cdlhavo desde setembro de 2011, o padre Ant\u00f3nio de Almeida Cruz fala-nos da sua par\u00f3quia, \u201cuma comunidade de comunidades\u201d, que recebe a visita pastoral do Bispo de Aveiro at\u00e9 ao dia 26 de mar\u00e7o. A visita pastoral de D. Ant\u00f3nio Moiteiro \u00e0 par\u00f3quia mais populosa da diocese de Aveiro come\u00e7ou no dia 12 [&hellip;]<\/p>\n","protected":false},"author":3,"featured_media":0,"comment_status":"closed","ping_status":"closed","sticky":false,"template":"","format":"standard","meta":{"footnotes":""},"categories":[70],"tags":[],"class_list":["post-27391","post","type-post","status-publish","format-standard","hentry","category-diocese"],"_links":{"self":[{"href":"https:\/\/sites.ecclesia.pt\/cv\/wp-json\/wp\/v2\/posts\/27391","targetHints":{"allow":["GET"]}}],"collection":[{"href":"https:\/\/sites.ecclesia.pt\/cv\/wp-json\/wp\/v2\/posts"}],"about":[{"href":"https:\/\/sites.ecclesia.pt\/cv\/wp-json\/wp\/v2\/types\/post"}],"author":[{"embeddable":true,"href":"https:\/\/sites.ecclesia.pt\/cv\/wp-json\/wp\/v2\/users\/3"}],"replies":[{"embeddable":true,"href":"https:\/\/sites.ecclesia.pt\/cv\/wp-json\/wp\/v2\/comments?post=27391"}],"version-history":[{"count":1,"href":"https:\/\/sites.ecclesia.pt\/cv\/wp-json\/wp\/v2\/posts\/27391\/revisions"}],"predecessor-version":[{"id":27393,"href":"https:\/\/sites.ecclesia.pt\/cv\/wp-json\/wp\/v2\/posts\/27391\/revisions\/27393"}],"wp:attachment":[{"href":"https:\/\/sites.ecclesia.pt\/cv\/wp-json\/wp\/v2\/media?parent=27391"}],"wp:term":[{"taxonomy":"category","embeddable":true,"href":"https:\/\/sites.ecclesia.pt\/cv\/wp-json\/wp\/v2\/categories?post=27391"},{"taxonomy":"post_tag","embeddable":true,"href":"https:\/\/sites.ecclesia.pt\/cv\/wp-json\/wp\/v2\/tags?post=27391"}],"curies":[{"name":"wp","href":"https:\/\/api.w.org\/{rel}","templated":true}]}}