{"id":27394,"date":"2017-03-16T11:55:58","date_gmt":"2017-03-16T11:55:58","guid":{"rendered":"http:\/\/sites.ecclesia.pt\/cv\/?p=27394"},"modified":"2017-03-16T11:55:58","modified_gmt":"2017-03-16T11:55:58","slug":"encontro-diocesano-de-pastoral-liturgica-na-costa-nova","status":"publish","type":"post","link":"https:\/\/sites.ecclesia.pt\/cv\/encontro-diocesano-de-pastoral-liturgica-na-costa-nova\/","title":{"rendered":"Encontro Diocesano de Pastoral Lit\u00fargica na Costa Nova"},"content":{"rendered":"<figure id=\"attachment_27395\" aria-describedby=\"caption-attachment-27395\" style=\"width: 2848px\" class=\"wp-caption alignnone\"><a href=\"https:\/\/sites.ecclesia.pt\/cv\/wp-content\/uploads\/2017\/03\/DSCF0776.jpg\"><img loading=\"lazy\" decoding=\"async\" class=\"size-full wp-image-27395\" src=\"https:\/\/sites.ecclesia.pt\/cv\/wp-content\/uploads\/2017\/03\/DSCF0776.jpg\" alt=\"\" width=\"2848\" height=\"2136\" srcset=\"https:\/\/sites.ecclesia.pt\/cv\/wp-content\/uploads\/2017\/03\/DSCF0776.jpg 2848w, https:\/\/sites.ecclesia.pt\/cv\/wp-content\/uploads\/2017\/03\/DSCF0776-300x225.jpg 300w, https:\/\/sites.ecclesia.pt\/cv\/wp-content\/uploads\/2017\/03\/DSCF0776-768x576.jpg 768w, https:\/\/sites.ecclesia.pt\/cv\/wp-content\/uploads\/2017\/03\/DSCF0776-1024x768.jpg 1024w\" sizes=\"auto, (max-width: 2848px) 100vw, 2848px\" \/><\/a><figcaption id=\"caption-attachment-27395\" class=\"wp-caption-text\">O encontro decorre na igreja da Costa Nova e Cais Criativo que fica ao lado<\/figcaption><\/figure>\n<p>A Costa Nova acolhe no pr\u00f3ximo s\u00e1bado, 18 de mar\u00e7o, II Encontro Diocesano de Pastoral Lit\u00fargica e a II Peregrina\u00e7\u00e3o Diocesana dos Ac\u00f3litos. O encontro ter\u00e1 como tema \u201cA Liturgia: Celebra\u00e7\u00e3o da Esperan\u00e7a\u201d, destinando-se a todos os agentes da pastoral, especialmente os v\u00e1rios ministros da pastoral lit\u00fargica. Programa: 9h30 Acolhimento \u2013 Igreja Paroquial; 10h00 Ora\u00e7\u00e3o de Laudes na Igreja Paroquial da Costa Nova; 11h00 Confer\u00eancia \u201cA Liturgia: Celebra\u00e7\u00e3o da Esperan\u00e7a\u201d, no Cais Criativo da Costa Nova; 12h30 Almo\u00e7o (da responsabilidade de cada participante); 14h30 Workshops: Ministros extraordin\u00e1rios da Comunh\u00e3o (MEC), Leitores, Sacrist\u00e3es e Zeladoras \u2013 \u201cO Servi\u00e7o do Acolhimento na Liturgia\u201d; Candidatos a MEC \u2013 \u201cPrepara\u00e7\u00e3o da Celebra\u00e7\u00e3o Eucar\u00edstica\u201d; Cantores e m\u00fasicos \u2013 \u201cPrepara\u00e7\u00e3o da Celebra\u00e7\u00e3o Eucar\u00edstica\u201d; Ac\u00f3litos &#8211; Risoterapia, com o professor Fernando Batista; 15h30 Ensaio; 16h00 Eucaristia presidida por D. Ant\u00f3nio Moiteiro e nomea\u00e7\u00e3o dos novos MEC na Igreja Paroquial 17h00 Encerramento.<br \/>\nNo encontro ser\u00e3o entregues os certificados de participa\u00e7\u00e3o das III Jornadas de Forma\u00e7\u00e3o Lit\u00fargica, que decorreram em janeiro passado no Semin\u00e1rio de Santa Joana Princesa.<\/p>\n","protected":false},"excerpt":{"rendered":"<p>A Costa Nova acolhe no pr\u00f3ximo s\u00e1bado, 18 de mar\u00e7o, II Encontro Diocesano de Pastoral Lit\u00fargica e a II Peregrina\u00e7\u00e3o Diocesana dos Ac\u00f3litos. O encontro ter\u00e1 como tema \u201cA Liturgia: Celebra\u00e7\u00e3o da Esperan\u00e7a\u201d, destinando-se a todos os agentes da pastoral, especialmente os v\u00e1rios ministros da pastoral lit\u00fargica. Programa: 9h30 Acolhimento \u2013 Igreja Paroquial; 10h00 Ora\u00e7\u00e3o [&hellip;]<\/p>\n","protected":false},"author":3,"featured_media":0,"comment_status":"closed","ping_status":"closed","sticky":false,"template":"","format":"standard","meta":{"footnotes":""},"categories":[70],"tags":[],"class_list":["post-27394","post","type-post","status-publish","format-standard","hentry","category-diocese"],"_links":{"self":[{"href":"https:\/\/sites.ecclesia.pt\/cv\/wp-json\/wp\/v2\/posts\/27394","targetHints":{"allow":["GET"]}}],"collection":[{"href":"https:\/\/sites.ecclesia.pt\/cv\/wp-json\/wp\/v2\/posts"}],"about":[{"href":"https:\/\/sites.ecclesia.pt\/cv\/wp-json\/wp\/v2\/types\/post"}],"author":[{"embeddable":true,"href":"https:\/\/sites.ecclesia.pt\/cv\/wp-json\/wp\/v2\/users\/3"}],"replies":[{"embeddable":true,"href":"https:\/\/sites.ecclesia.pt\/cv\/wp-json\/wp\/v2\/comments?post=27394"}],"version-history":[{"count":1,"href":"https:\/\/sites.ecclesia.pt\/cv\/wp-json\/wp\/v2\/posts\/27394\/revisions"}],"predecessor-version":[{"id":27396,"href":"https:\/\/sites.ecclesia.pt\/cv\/wp-json\/wp\/v2\/posts\/27394\/revisions\/27396"}],"wp:attachment":[{"href":"https:\/\/sites.ecclesia.pt\/cv\/wp-json\/wp\/v2\/media?parent=27394"}],"wp:term":[{"taxonomy":"category","embeddable":true,"href":"https:\/\/sites.ecclesia.pt\/cv\/wp-json\/wp\/v2\/categories?post=27394"},{"taxonomy":"post_tag","embeddable":true,"href":"https:\/\/sites.ecclesia.pt\/cv\/wp-json\/wp\/v2\/tags?post=27394"}],"curies":[{"name":"wp","href":"https:\/\/api.w.org\/{rel}","templated":true}]}}