{"id":274,"date":"2010-01-13T10:18:00","date_gmt":"2010-01-13T10:18:00","guid":{"rendered":"http:\/\/localhost:81\/wp1\/?p=274"},"modified":"2010-01-13T10:18:00","modified_gmt":"2010-01-13T10:18:00","slug":"brasil","status":"publish","type":"post","link":"https:\/\/sites.ecclesia.pt\/cv\/brasil\/","title":{"rendered":"Brasil"},"content":{"rendered":"<p>Pelo mundo <!--more--> A Igreja Cat\u00f3lica no Brasil alertou para o risco de genoc\u00eddio que correm os povos ind\u00edgenas. Num abaixo-assinado dirigido a Lula da Silva, o Conselho Indigenista Mission\u00e1rio, dependente dos bispos brasileiros, denuncia \u201cm\u00e9todos fac\u00ednoras com requintes de crueldade\u201d, contra popula\u00e7\u00f5es ind\u00edgenas, como o inc\u00eandio de aldeias, o derrube de habita\u00e7\u00f5es, envenenamento, escravatura e abusos sexuais, execu\u00e7\u00f5es sum\u00e1rias ca\u00e7adas humanas e torturas.<\/p>\n","protected":false},"excerpt":{"rendered":"<p>Pelo mundo<\/p>\n","protected":false},"author":1,"featured_media":0,"comment_status":"open","ping_status":"open","sticky":false,"template":"","format":"standard","meta":{"footnotes":""},"categories":[55],"tags":[],"class_list":["post-274","post","type-post","status-publish","format-standard","hentry","category-igreja-no-mundo"],"_links":{"self":[{"href":"https:\/\/sites.ecclesia.pt\/cv\/wp-json\/wp\/v2\/posts\/274","targetHints":{"allow":["GET"]}}],"collection":[{"href":"https:\/\/sites.ecclesia.pt\/cv\/wp-json\/wp\/v2\/posts"}],"about":[{"href":"https:\/\/sites.ecclesia.pt\/cv\/wp-json\/wp\/v2\/types\/post"}],"author":[{"embeddable":true,"href":"https:\/\/sites.ecclesia.pt\/cv\/wp-json\/wp\/v2\/users\/1"}],"replies":[{"embeddable":true,"href":"https:\/\/sites.ecclesia.pt\/cv\/wp-json\/wp\/v2\/comments?post=274"}],"version-history":[{"count":0,"href":"https:\/\/sites.ecclesia.pt\/cv\/wp-json\/wp\/v2\/posts\/274\/revisions"}],"wp:attachment":[{"href":"https:\/\/sites.ecclesia.pt\/cv\/wp-json\/wp\/v2\/media?parent=274"}],"wp:term":[{"taxonomy":"category","embeddable":true,"href":"https:\/\/sites.ecclesia.pt\/cv\/wp-json\/wp\/v2\/categories?post=274"},{"taxonomy":"post_tag","embeddable":true,"href":"https:\/\/sites.ecclesia.pt\/cv\/wp-json\/wp\/v2\/tags?post=274"}],"curies":[{"name":"wp","href":"https:\/\/api.w.org\/{rel}","templated":true}]}}