{"id":27418,"date":"2017-03-30T09:19:06","date_gmt":"2017-03-30T09:19:06","guid":{"rendered":"http:\/\/sites.ecclesia.pt\/cv\/?p=27418"},"modified":"2017-03-30T09:19:47","modified_gmt":"2017-03-30T09:19:47","slug":"bispo-de-aveiro-insiste-na-formacao-crista-e-propoe-escola-arciprestal-para-aleigos","status":"publish","type":"post","link":"https:\/\/sites.ecclesia.pt\/cv\/bispo-de-aveiro-insiste-na-formacao-crista-e-propoe-escola-arciprestal-para-aleigos\/","title":{"rendered":"Bispo de Aveiro insiste na forma\u00e7\u00e3o crist\u00e3 e prop\u00f5e escola arciprestal para leigos"},"content":{"rendered":"<figure id=\"attachment_27419\" aria-describedby=\"caption-attachment-27419\" style=\"width: 2848px\" class=\"wp-caption alignnone\"><a href=\"https:\/\/sites.ecclesia.pt\/cv\/wp-content\/uploads\/2017\/03\/interior.jpg\"><img loading=\"lazy\" decoding=\"async\" class=\"size-full wp-image-27419\" src=\"https:\/\/sites.ecclesia.pt\/cv\/wp-content\/uploads\/2017\/03\/interior.jpg\" alt=\"\" width=\"2848\" height=\"2136\" srcset=\"https:\/\/sites.ecclesia.pt\/cv\/wp-content\/uploads\/2017\/03\/interior.jpg 2848w, https:\/\/sites.ecclesia.pt\/cv\/wp-content\/uploads\/2017\/03\/interior-300x225.jpg 300w, https:\/\/sites.ecclesia.pt\/cv\/wp-content\/uploads\/2017\/03\/interior-768x576.jpg 768w, https:\/\/sites.ecclesia.pt\/cv\/wp-content\/uploads\/2017\/03\/interior-1024x768.jpg 1024w\" sizes=\"auto, (max-width: 2848px) 100vw, 2848px\" \/><\/a><figcaption id=\"caption-attachment-27419\" class=\"wp-caption-text\">D. Ant\u00f3nio Moiteiro, com o p\u00e1roco, P.e Ant\u00f3nio Cruz,<br \/>crismou 40 pessoas<\/figcaption><\/figure>\n<p><strong>Encerramento da visita pastoral a \u00cdlhavo. D. Ant\u00f3nio Moiteiro real\u00e7ou que \u00e9 preciso conhecer a B\u00edblia e os fundamentos do cristianismo para uma f\u00e9 mais convicta e um an\u00fancio mais cred\u00edvel.<\/strong><\/p>\n<p>&nbsp;<\/p>\n<p>O Bispo de Aveiro encerrou a visita pastoral \u00e0 Par\u00f3quia de S\u00e3o Salvador, \u00cdlhavo, no domingo, 26 de mar\u00e7o, apontando \u201ctr\u00eas desafios\u201d aos crist\u00e3os, desafios que deseja que sejam refletidos pela equipa pastoral e pelos padres que servem a \u201ccomunidade de comunidades\u201d. O primeiro \u00e9 \u00e1 \u201cprioridade ao an\u00fancio de Cristo Ressuscitado\u201d, em sintonia com o que o Papa Francisco tem proposto para toda a Igreja, porque \u201cn\u00e3o \u00e9 a mesma coisa ter conhecido Jesus ou n\u00e3o O conhecer, n\u00e3o \u00e9 a mesma coisa caminhar com Ele ou caminhar tateando\u201d. O segundo desafio \u00e9 \u201ccomum \u00e0 Diocese\u201d e tem sido proposto \u00e0s restantes par\u00f3quias do arciprestado de \u00cdlhavo: ter \u201citiner\u00e1rios de forma\u00e7\u00e3o crist\u00e3\u201d, que se podem concretizar a n\u00edvel arciprestal numa \u201cescola de teologia para leigos\u201d. \u201c\u00c9 preciso conhecer os fundamentos do cristianismo\u2026 as Escrituras\u2026 os Evangelhos\u201d, disse D. Ant\u00f3nio Moiteiro, pois, \u201csem conhecimento n\u00e3o temos o fogo necess\u00e1rio para sermos evangelizadores\u201d. O \u00faltimo desafio relaciona-se com a pastoral das voca\u00e7\u00f5es, tanto para a vida religiosa ou consagrada como para o matrim\u00f3nio. Como salientou o Bispo de Aveiro, numa par\u00f3quia que tem tr\u00eas comunidades de consagrados e v\u00e1rios leigos que \u201cvivem os votos evang\u00e9licos em suas casas\u201d, aprofundando-se o amor em fam\u00edlia, com fam\u00edlias felizes, mais possibilidades t\u00eam de florescer as voca\u00e7\u00f5es de consagra\u00e7\u00e3o.<br \/>\nNa homilia, o Bispo de Aveiro, lembrando alguns momentos dos quinze dias de visita &#8211; dos encontros nas v\u00e1rias comunidades \u00e0 visita aos doentes, da visita \u00e0s empresas e aos poderes civis e sociais aos encontros com crian\u00e7as e jovens \u2013, afirmou que \u201cmais do que esperar frutos no imediato\u201d, o resultado da visita pastoral depende principalmente do \u201ccora\u00e7\u00e3o de cada um\u201d e das \u201crespostas de cada um ao que Jesus, Bom Pastor, vai pedindo\u201d. A visita do Bispo de Aveiro, que j\u00e1 n\u00e3o se realizava h\u00e1 24 anos, \u201cfoi um momento de gra\u00e7as e de b\u00ean\u00e7\u00e3o\u201d, disse.<br \/>\nD. Ant\u00f3nio Moiteiro crismou 40 pessoas, principalmente jovens, que, como referiu o p\u00e1roco, P.e Ant\u00f3nio de Almeida Cruz, recebendo o \u201csacramento do apostolado\u201d, devem mostrar \u201cdisponibilidade e disposi\u00e7\u00e3o para servir\u201d, \u201cpara serem presen\u00e7a atuante de Cristo\u201d.<br \/>\nCom a visita a S\u00e3o Salvador, D. Ant\u00f3nio Moiteiro concluiu a visita \u00e0s seis par\u00f3quias do arciprestado. O encerramento arciprestal, contudo, ser\u00e1 apenas no dia 15 de junho, na Solenidade do Corpo de Deus.<\/p>\n","protected":false},"excerpt":{"rendered":"<p>Encerramento da visita pastoral a \u00cdlhavo. D. Ant\u00f3nio Moiteiro real\u00e7ou que \u00e9 preciso conhecer a B\u00edblia e os fundamentos do cristianismo para uma f\u00e9 mais convicta e um an\u00fancio mais cred\u00edvel. &nbsp; O Bispo de Aveiro encerrou a visita pastoral \u00e0 Par\u00f3quia de S\u00e3o Salvador, \u00cdlhavo, no domingo, 26 de mar\u00e7o, apontando \u201ctr\u00eas desafios\u201d aos [&hellip;]<\/p>\n","protected":false},"author":3,"featured_media":0,"comment_status":"closed","ping_status":"closed","sticky":false,"template":"","format":"standard","meta":{"footnotes":""},"categories":[70],"tags":[],"class_list":["post-27418","post","type-post","status-publish","format-standard","hentry","category-diocese"],"_links":{"self":[{"href":"https:\/\/sites.ecclesia.pt\/cv\/wp-json\/wp\/v2\/posts\/27418","targetHints":{"allow":["GET"]}}],"collection":[{"href":"https:\/\/sites.ecclesia.pt\/cv\/wp-json\/wp\/v2\/posts"}],"about":[{"href":"https:\/\/sites.ecclesia.pt\/cv\/wp-json\/wp\/v2\/types\/post"}],"author":[{"embeddable":true,"href":"https:\/\/sites.ecclesia.pt\/cv\/wp-json\/wp\/v2\/users\/3"}],"replies":[{"embeddable":true,"href":"https:\/\/sites.ecclesia.pt\/cv\/wp-json\/wp\/v2\/comments?post=27418"}],"version-history":[{"count":2,"href":"https:\/\/sites.ecclesia.pt\/cv\/wp-json\/wp\/v2\/posts\/27418\/revisions"}],"predecessor-version":[{"id":27421,"href":"https:\/\/sites.ecclesia.pt\/cv\/wp-json\/wp\/v2\/posts\/27418\/revisions\/27421"}],"wp:attachment":[{"href":"https:\/\/sites.ecclesia.pt\/cv\/wp-json\/wp\/v2\/media?parent=27418"}],"wp:term":[{"taxonomy":"category","embeddable":true,"href":"https:\/\/sites.ecclesia.pt\/cv\/wp-json\/wp\/v2\/categories?post=27418"},{"taxonomy":"post_tag","embeddable":true,"href":"https:\/\/sites.ecclesia.pt\/cv\/wp-json\/wp\/v2\/tags?post=27418"}],"curies":[{"name":"wp","href":"https:\/\/api.w.org\/{rel}","templated":true}]}}