{"id":27422,"date":"2017-03-30T09:21:39","date_gmt":"2017-03-30T09:21:39","guid":{"rendered":"http:\/\/sites.ecclesia.pt\/cv\/?p=27422"},"modified":"2017-03-30T09:21:39","modified_gmt":"2017-03-30T09:21:39","slug":"30-anos-do-cufc","status":"publish","type":"post","link":"https:\/\/sites.ecclesia.pt\/cv\/30-anos-do-cufc\/","title":{"rendered":"30 anos do CUFC"},"content":{"rendered":"<figure id=\"attachment_27423\" aria-describedby=\"caption-attachment-27423\" style=\"width: 5472px\" class=\"wp-caption alignnone\"><a href=\"https:\/\/sites.ecclesia.pt\/cv\/wp-content\/uploads\/2017\/03\/cufc.jpg\"><img loading=\"lazy\" decoding=\"async\" class=\"size-full wp-image-27423\" src=\"https:\/\/sites.ecclesia.pt\/cv\/wp-content\/uploads\/2017\/03\/cufc.jpg\" alt=\"\" width=\"5472\" height=\"3648\" srcset=\"https:\/\/sites.ecclesia.pt\/cv\/wp-content\/uploads\/2017\/03\/cufc.jpg 5472w, https:\/\/sites.ecclesia.pt\/cv\/wp-content\/uploads\/2017\/03\/cufc-300x200.jpg 300w, https:\/\/sites.ecclesia.pt\/cv\/wp-content\/uploads\/2017\/03\/cufc-768x512.jpg 768w, https:\/\/sites.ecclesia.pt\/cv\/wp-content\/uploads\/2017\/03\/cufc-1024x683.jpg 1024w\" sizes=\"auto, (max-width: 5472px) 100vw, 5472px\" \/><\/a><figcaption id=\"caption-attachment-27423\" class=\"wp-caption-text\">Cantaram-se os parab\u00e9ns ao CUFC e partilhou-se um bolo<\/figcaption><\/figure>\n<p>No s\u00e1bado, 25 de mar\u00e7o, o Centro Universit\u00e1rio F\u00e9 e Cultura \u2013 CUFC \u2013 celebrou o seu 30.\u00ba anivers\u00e1rio. 30 Anos que foram festejados com alegria, apesar da chuva. A proposta para todos os que frequentam e frequentaram o CUFC, desde estudantes universit\u00e1rios, a professores, investigadores e funcion\u00e1rios, iniciou-se logo pela manh\u00e3 com o Aveiro Race. Esta atividade come\u00e7ou por volta das 10h30 e propunha a todos aqueles que quisessem participar a instala\u00e7\u00e3o de uma aplica\u00e7\u00e3o (feita para a ocasi\u00e3o) que tinha como base o mapa da cidade, com alguns pontos de paragem obrigat\u00f3ria para responder a algumas quest\u00f5es. A meio do percurso, foi oferecido aos participantes um Ovo Mole, uma das iguarias da cidade. Este docinho, bem como os pr\u00e9mios finais, foram poss\u00edveis gra\u00e7as \u00e0 empresa \u201cIdeias.salgadas\u201d e \u00e0 APOMA. Esta atividade permitiu a intera\u00e7\u00e3o com a popula\u00e7\u00e3o de Aveiro, assim como possibilitou aos participantes o conhecimento da Cidade onde estudaram e ainda estudam.<br \/>\nDe volta \u00e0 \u201cCasa fora de casa\u201d (lema utilizado pelo CUFC), foi tempo de reencontro entre participantes, mas acima de tudo, entre amigos. Conversas de como era antigamente e como \u00e9 na atualidade, de como fizeram e de como se faz no momento foram surgindo espontaneamente no almo\u00e7o, sendo o mesmo partilhado. De est\u00f4mago cheio, os presentes come\u00e7aram a preparar-se para agradecer a Deus pelas pessoas que sonharam com este projeto que \u00e9 a Pastoral de Ensino Superior e que ainda sonham, pois o CUFC existe, n\u00e3o s\u00f3 por os que idealizaram mas tamb\u00e9m por aqueles que neste momento d\u00e3o vida \u00e0 Casa.<br \/>\nAssim, por volta das 15h teve in\u00edcio a Eucaristia presidida pelo Sr. Bispo, D. Ant\u00f3nio Moiteiro. Por coincid\u00eancia, at\u00e9 a n\u00edvel religioso se celebrou a alegria. Os \u201cmais velhos\u201d (que estiveram na funda\u00e7\u00e3o do CUFC) estavam com uma alegria contagiante e de l\u00e1grimas nos olhos, pois perante as dificuldades permaneceram firmes, n\u00e3o por eles, mas pelos que vinham de fora, n\u00e3o por eles, mas por Deus. Os \u201cmais novos\u201d (onde se incluem os universit\u00e1rios e os que acabaram o curso h\u00e1 pouco tempo) esses, partilhavam a alegria dos mais velhos, onde o C\u00e9u \u00e9 o limite e que sonhar vale a pena; vale a pena acreditar e que dificuldades sempre teremos. Acreditar e confiar; fazer pelos outros e n\u00e3o por n\u00f3s mesmos, foi o que os \u201cmais velhos\u201d sem qualquer inten\u00e7\u00e3o transmitiram para os \u201cmais novos\u201d.<br \/>\nAs comemora\u00e7\u00f5es destes 30 anos de vidas que passaram pelo CUFC continuam. De seguida, foi apresentada a placa indicativa da oferta das \u00e1rvores pela Portucel em 25 de mar\u00e7o de 2012. Essa placa foi colocada junto \u00e0s \u00e1rvores, no campus. Para lan\u00e7ar o monumento, contamos com a presen\u00e7a dos Professores Paulo Cachim e Paulo Bernardino, bem como um representante da empresa Pavicentro, a quem agradecemos a dedica\u00e7\u00e3o e gratuidade. O monumento inspirado na \u201cArca de No\u00e9\u201d servir\u00e1 para deixarmos a mensagem numa \u201cArca\u201d. A mesma ser\u00e1 revelada daqui a uns anos, uma esp\u00e9cie de c\u00e1psula do tempo. Depois foram revelados os resultados do Aveiro Race. Um momento de pura descontra\u00e7\u00e3o, pois as equipas revelaram-se muito originais na atribui\u00e7\u00e3o dos nomes. Posteriormente, j\u00e1 a hora se adiantava, foi altura de se cantar os Parab\u00e9ns. Depois do bolo, foi altura de arrumar a Casa e de cada um voltar \u00e0 sua casa.<br \/>\nNa mem\u00f3ria e no cora\u00e7\u00e3o, mais do que as comemora\u00e7\u00f5es de 30 anos de exist\u00eancia, fica a Celebra\u00e7\u00e3o de 30 Anos de Vidas que passaram, passam e continuar\u00e3o a passar pela Casa; na mem\u00f3ria e no cora\u00e7\u00e3o fica a Celebra\u00e7\u00e3o daqueles que sonharam, sonham, deram e d\u00e3o a vida pela Casa.<br \/>\nA todos os que sonharam: Obrigada!<br \/>\nAos que sonham e fazem acontecer: N\u00e3o desistam! Dificuldades sempre haver\u00e3o. Acreditem, pois o c\u00e9u \u00e9 o limite.<br \/>\n#CUFC #Atuacasaforadecasa #30Anos #Vidas<\/p>\n<p>Nat\u00e1lia Faria<\/p>\n","protected":false},"excerpt":{"rendered":"<p>No s\u00e1bado, 25 de mar\u00e7o, o Centro Universit\u00e1rio F\u00e9 e Cultura \u2013 CUFC \u2013 celebrou o seu 30.\u00ba anivers\u00e1rio. 30 Anos que foram festejados com alegria, apesar da chuva. A proposta para todos os que frequentam e frequentaram o CUFC, desde estudantes universit\u00e1rios, a professores, investigadores e funcion\u00e1rios, iniciou-se logo pela manh\u00e3 com o Aveiro [&hellip;]<\/p>\n","protected":false},"author":3,"featured_media":0,"comment_status":"closed","ping_status":"closed","sticky":false,"template":"","format":"standard","meta":{"footnotes":""},"categories":[38,70],"tags":[],"class_list":["post-27422","post","type-post","status-publish","format-standard","hentry","category-destaque","category-diocese"],"_links":{"self":[{"href":"https:\/\/sites.ecclesia.pt\/cv\/wp-json\/wp\/v2\/posts\/27422","targetHints":{"allow":["GET"]}}],"collection":[{"href":"https:\/\/sites.ecclesia.pt\/cv\/wp-json\/wp\/v2\/posts"}],"about":[{"href":"https:\/\/sites.ecclesia.pt\/cv\/wp-json\/wp\/v2\/types\/post"}],"author":[{"embeddable":true,"href":"https:\/\/sites.ecclesia.pt\/cv\/wp-json\/wp\/v2\/users\/3"}],"replies":[{"embeddable":true,"href":"https:\/\/sites.ecclesia.pt\/cv\/wp-json\/wp\/v2\/comments?post=27422"}],"version-history":[{"count":1,"href":"https:\/\/sites.ecclesia.pt\/cv\/wp-json\/wp\/v2\/posts\/27422\/revisions"}],"predecessor-version":[{"id":27424,"href":"https:\/\/sites.ecclesia.pt\/cv\/wp-json\/wp\/v2\/posts\/27422\/revisions\/27424"}],"wp:attachment":[{"href":"https:\/\/sites.ecclesia.pt\/cv\/wp-json\/wp\/v2\/media?parent=27422"}],"wp:term":[{"taxonomy":"category","embeddable":true,"href":"https:\/\/sites.ecclesia.pt\/cv\/wp-json\/wp\/v2\/categories?post=27422"},{"taxonomy":"post_tag","embeddable":true,"href":"https:\/\/sites.ecclesia.pt\/cv\/wp-json\/wp\/v2\/tags?post=27422"}],"curies":[{"name":"wp","href":"https:\/\/api.w.org\/{rel}","templated":true}]}}