{"id":27441,"date":"2017-04-06T13:47:02","date_gmt":"2017-04-06T13:47:02","guid":{"rendered":"http:\/\/sites.ecclesia.pt\/cv\/?p=27441"},"modified":"2017-04-06T13:47:02","modified_gmt":"2017-04-06T13:47:02","slug":"semana-santa-na-se-de-aveiro-2","status":"publish","type":"post","link":"https:\/\/sites.ecclesia.pt\/cv\/semana-santa-na-se-de-aveiro-2\/","title":{"rendered":"Semana Santa na S\u00e9 de Aveiro"},"content":{"rendered":"<p><a href=\"https:\/\/sites.ecclesia.pt\/cv\/wp-content\/uploads\/2017\/04\/S\u00e9-Cruzeiro.jpg\"><img loading=\"lazy\" decoding=\"async\" class=\"alignnone size-full wp-image-27442\" src=\"https:\/\/sites.ecclesia.pt\/cv\/wp-content\/uploads\/2017\/04\/S\u00e9-Cruzeiro.jpg\" alt=\"\" width=\"1944\" height=\"2592\" srcset=\"https:\/\/sites.ecclesia.pt\/cv\/wp-content\/uploads\/2017\/04\/S\u00e9-Cruzeiro.jpg 1944w, https:\/\/sites.ecclesia.pt\/cv\/wp-content\/uploads\/2017\/04\/S\u00e9-Cruzeiro-225x300.jpg 225w, https:\/\/sites.ecclesia.pt\/cv\/wp-content\/uploads\/2017\/04\/S\u00e9-Cruzeiro-768x1024.jpg 768w\" sizes=\"auto, (max-width: 1944px) 100vw, 1944px\" \/><\/a><\/p>\n<p><strong>DOMINGO DE RAMOS \u2013 09 de abril<\/strong><br \/>\n11h00 \u2013 B\u00ean\u00e7\u00e3o dos Ramos junto \u00e0 igreja de Santo Ant\u00f3nio e prociss\u00e3o para a S\u00e9, seguindo a Eucaristia (Itiner\u00e1rio: Largo de Santo Ant\u00f3nio, Rua Castro Matoso, Largo Lu\u00eds de Cam\u00f5es (5 Bicas), Rua E\u00e7a de Queir\u00f3s, Avenida Santa Joana, adro da S\u00e9)<\/p>\n<p><strong>SEGUNDA-FEIRA SANTA \u2013 10 de Abril<\/strong><br \/>\n09h30-11h00 e 15h00-17h00 \u2013 Sacramento da Reconcilia\u00e7\u00e3o<\/p>\n<p><strong>TER\u00c7A-FEIRA SANTA \u2013 11 de abril<\/strong><br \/>\n09h30-11h00 e 15h00-17h00 \u2013 Sacramento<br \/>\nda Reconcilia\u00e7\u00e3o<\/p>\n<p><strong>QUARTA-FEIRA SANTA \u2013 12 de abril<\/strong><br \/>\n09h30-11h00 e 15h00-17h00 \u2013 Sacramento da Reconcilia\u00e7\u00e3o<br \/>\n21h30 \u2013 Concerto com a Orquestra Filarmonia das Beiras<\/p>\n<p><strong>QUINTA-FEIRA SANTA \u2013 13 de Abril<\/strong><br \/>\n10h00 \u2013 Eucaristia crismal concelebrada, com a renova\u00e7\u00e3o dos compromissos sacerdotais, a b\u00ean\u00e7\u00e3o dos \u00f3leos dos enfermos e dos catec\u00famenos e a consagra\u00e7\u00e3o do \u00f3leo do Crisma<br \/>\n15h00-17h00 \u2013 Sacramento da Reconcilia\u00e7\u00e3o<br \/>\n21h30 \u2013 Eucaristia da Ceia do Senhor, com lava-p\u00e9s e prociss\u00e3o da Sagrada Reserva<\/p>\n<p><strong>SEXTA-FEIRA SANTA \u2013 14 de abril<\/strong><br \/>\n10h00-12h00 \u2013 Sacramento da Reconcilia\u00e7\u00e3o<br \/>\n17h30 \u2013 Celebra\u00e7\u00e3o lit\u00fargica da Paix\u00e3o do Senhor<br \/>\n<em>Obs. \u2013 As ofertas dos fi\u00e9is s\u00e3o destinadas \u00e0s comunidades crist\u00e3s dos lugares santos da Palestina (Terra Santa). A Igreja concede a indulg\u00eancia plen\u00e1ria aos fi\u00e9is que participarem na celebra\u00e7\u00e3o da paix\u00e3o do Senhor (Enc. Ind., n\u00ba 17)<\/em><br \/>\n21h30 \u2013 Prociss\u00e3o comemorativa do enterro do Senhor desde a igreja matriz da Vera Cruz para a S\u00e9 (Itiner\u00e1rio: &#8211; Largos da Apresenta\u00e7\u00e3o e de 24 de Julho, rua de Domingos Carrancho, pra\u00e7as de Melo Freitas e do Gen. Humberto Delgado, ruas de Coimbra e dos Combatentes da Grande Guerra, avenida de Santa Joana e adro da S\u00e9)<\/p>\n<p><strong>S\u00c1BADO SANTO \u2013 15 de abril<\/strong><br \/>\n10h00-12h00 \u2013 Sacramento da Reconcilia\u00e7\u00e3o<br \/>\n21h30 \u2013 Celebra\u00e7\u00e3o da Vig\u00edlia Pascal da Ressurrei\u00e7\u00e3o do Senhor, com o lucern\u00e1rio, a liturgia da Palavra, a liturgia batismal e a liturgia eucar\u00edstica<br \/>\n<em>Obs. \u2013 Cada um dos fi\u00e9is participantes deve levar uma vela para acender durante a celebra\u00e7\u00e3o. A Igreja concede a indulg\u00eancia plen\u00e1ria aos fi\u00e9is que, participando na celebra\u00e7\u00e3o da vig\u00edlia pascal, renovarem as promessas batismais (Enc. Ind., n\u00ba 70)<\/em><\/p>\n<p><strong>DOMINGO DE P\u00c1SCOA \u2013 16 de abril<\/strong><br \/>\n10h30, 12h00 e 19h00 \u2013 Eucaristias [S\u00e9]<br \/>\nObs. \u2013 A Igreja concede a indulg\u00eancia plen\u00e1ria a quem receber a b\u00ean\u00e7\u00e3o dada pelo Santo Padre \u201curbi et orbi\u201d, mesmo pela r\u00e1dio ou pela televis\u00e3o (Enc. Ind., n\u00ba 12)<\/p>\n","protected":false},"excerpt":{"rendered":"<p>DOMINGO DE RAMOS \u2013 09 de abril 11h00 \u2013 B\u00ean\u00e7\u00e3o dos Ramos junto \u00e0 igreja de Santo Ant\u00f3nio e prociss\u00e3o para a S\u00e9, seguindo a Eucaristia (Itiner\u00e1rio: Largo de Santo Ant\u00f3nio, Rua Castro Matoso, Largo Lu\u00eds de Cam\u00f5es (5 Bicas), Rua E\u00e7a de Queir\u00f3s, Avenida Santa Joana, adro da S\u00e9) SEGUNDA-FEIRA SANTA \u2013 10 de [&hellip;]<\/p>\n","protected":false},"author":3,"featured_media":0,"comment_status":"closed","ping_status":"closed","sticky":false,"template":"","format":"standard","meta":{"footnotes":""},"categories":[70],"tags":[],"class_list":["post-27441","post","type-post","status-publish","format-standard","hentry","category-diocese"],"_links":{"self":[{"href":"https:\/\/sites.ecclesia.pt\/cv\/wp-json\/wp\/v2\/posts\/27441","targetHints":{"allow":["GET"]}}],"collection":[{"href":"https:\/\/sites.ecclesia.pt\/cv\/wp-json\/wp\/v2\/posts"}],"about":[{"href":"https:\/\/sites.ecclesia.pt\/cv\/wp-json\/wp\/v2\/types\/post"}],"author":[{"embeddable":true,"href":"https:\/\/sites.ecclesia.pt\/cv\/wp-json\/wp\/v2\/users\/3"}],"replies":[{"embeddable":true,"href":"https:\/\/sites.ecclesia.pt\/cv\/wp-json\/wp\/v2\/comments?post=27441"}],"version-history":[{"count":1,"href":"https:\/\/sites.ecclesia.pt\/cv\/wp-json\/wp\/v2\/posts\/27441\/revisions"}],"predecessor-version":[{"id":27443,"href":"https:\/\/sites.ecclesia.pt\/cv\/wp-json\/wp\/v2\/posts\/27441\/revisions\/27443"}],"wp:attachment":[{"href":"https:\/\/sites.ecclesia.pt\/cv\/wp-json\/wp\/v2\/media?parent=27441"}],"wp:term":[{"taxonomy":"category","embeddable":true,"href":"https:\/\/sites.ecclesia.pt\/cv\/wp-json\/wp\/v2\/categories?post=27441"},{"taxonomy":"post_tag","embeddable":true,"href":"https:\/\/sites.ecclesia.pt\/cv\/wp-json\/wp\/v2\/tags?post=27441"}],"curies":[{"name":"wp","href":"https:\/\/api.w.org\/{rel}","templated":true}]}}