{"id":27459,"date":"2017-04-13T14:32:15","date_gmt":"2017-04-13T14:32:15","guid":{"rendered":"http:\/\/sites.ecclesia.pt\/cv\/?p=27459"},"modified":"2017-04-13T14:32:15","modified_gmt":"2017-04-13T14:32:15","slug":"ecos-do-retiro-o-misterio-de-deus-na-mensagem-de-fatima","status":"publish","type":"post","link":"https:\/\/sites.ecclesia.pt\/cv\/ecos-do-retiro-o-misterio-de-deus-na-mensagem-de-fatima\/","title":{"rendered":"Ecos do retiro: &#8220;O Mist\u00e9rio de Deus na Mensagem de F\u00e1tima&#8221;"},"content":{"rendered":"<figure id=\"attachment_27460\" aria-describedby=\"caption-attachment-27460\" style=\"width: 2560px\" class=\"wp-caption alignnone\"><a href=\"https:\/\/sites.ecclesia.pt\/cv\/wp-content\/uploads\/2017\/04\/retiro.jpg\"><img loading=\"lazy\" decoding=\"async\" class=\"size-full wp-image-27460\" src=\"https:\/\/sites.ecclesia.pt\/cv\/wp-content\/uploads\/2017\/04\/retiro.jpg\" alt=\"\" width=\"2560\" height=\"1536\" srcset=\"https:\/\/sites.ecclesia.pt\/cv\/wp-content\/uploads\/2017\/04\/retiro.jpg 2560w, https:\/\/sites.ecclesia.pt\/cv\/wp-content\/uploads\/2017\/04\/retiro-300x180.jpg 300w, https:\/\/sites.ecclesia.pt\/cv\/wp-content\/uploads\/2017\/04\/retiro-768x461.jpg 768w, https:\/\/sites.ecclesia.pt\/cv\/wp-content\/uploads\/2017\/04\/retiro-1024x614.jpg 1024w\" sizes=\"auto, (max-width: 2560px) 100vw, 2560px\" \/><\/a><figcaption id=\"caption-attachment-27460\" class=\"wp-caption-text\">Aspeto dos participantes no retiro, que decorreu na Casa Diocesana<\/figcaption><\/figure>\n<p>\u201cO Mist\u00e9rio de Deus na Mensagem de F\u00e1tima\u201d. Foi este o tema que D. Ant\u00f3nio Moiteiro deu ao retiro espiritual, que ocorreu na casa diocesana, em Albergaria-a-Velha, no passado dia 1 do corrente m\u00eas de abril.<br \/>\nAs v\u00e1rias dezenas de participantes tiveram a oportunidade de ouvir do Bispo da Diocese de Aveiro que devemos procurar perceber a mensagem de F\u00e1tima atrav\u00e9s da rela\u00e7\u00e3o \u00edntima e pessoal com Deus. Um Deus que \u00e9 Amor, que \u00e9 Pai, que \u00e9 Trindade, cuja manifesta\u00e7\u00e3o maior do Seu dom \u00e9 o Amor por n\u00f3s.<br \/>\nD. Ant\u00f3nio Moiteiro enfatizou a sua reflex\u00e3o inicial na imagem de Deus que nos \u00e9 apresentada na B\u00edblia. Pegando nos textos b\u00edblicos de S. Jo\u00e3o e do evangelista Marcos, sublinhou que o Deus em quem acreditamos \u00e9 o Deus da B\u00edblia, o Deus revelado em Jesus Cristo, o Deus que se fez homem e habitou entre n\u00f3s.<br \/>\nNo desenvolvimento da sua explana\u00e7\u00e3o, o Sr. Bispo real\u00e7ou o Mist\u00e9rio da Sant\u00edssima Trindade que, \u00e0 semelhan\u00e7a dos relatos b\u00edblicos, a mensagem de F\u00e1tima tamb\u00e9m evidencia. Nas tr\u00eas apari\u00e7\u00f5es do Anjo, assim como nas visitas que Nossa Senhora fez aos pequenos videntes na Cova da Iria e, mais tarde, em Tuy e Pontevedra \u00e0 Irm\u00e3 L\u00facia, as ora\u00e7\u00f5es que foram ensinadas aos pastorinhos dizem-nos que a atitude dialogal que devemos ter com Deus \u00e9 de ora\u00e7\u00e3o e de contempla\u00e7\u00e3o, a partir de uma rela\u00e7\u00e3o humana e pessoal, porque Deus tamb\u00e9m \u00e9 uma realidade Trindade: \u201cSant\u00edssima Trindade, Pai, Filho e Esp\u00edrito Santo, adoro-vos profundamente e ofere\u00e7o-vos o precios\u00edssimo Corpo, Sangue, Alma e Divindade de Jesus Cristo, presente em todos os sacr\u00e1rios da terra, em repara\u00e7\u00e3o dos ultrajes, sacril\u00e9gios e indiferen\u00e7as com que Ele \u00e9 ofendido. E pelos m\u00e9ritos infinitos do seu Sant\u00edssimo Cora\u00e7\u00e3o e do Cora\u00e7\u00e3o Imaculado de Maria, pe\u00e7o-vos a convers\u00e3o dos pobres pecadores\u201d.<br \/>\nComo conclus\u00e3o, foi sublinhada a dimens\u00e3o da f\u00e9 crist\u00e3, que n\u00e3o \u00e9 mais do que o tatear, o andar \u00e0 procura de Deus, de um Deus cuja dimens\u00e3o maior presente na revela\u00e7\u00e3o de F\u00e1tima \u00e9 a manifesta\u00e7\u00e3o de Deus Trindade e do seu amor por n\u00f3s, na qual nos concede a gra\u00e7a de nos amarmos uns aos outros, da mesma forma como Ele nos ama. Para isso, conv\u00e9m rezarmos com insist\u00eancia a ora\u00e7\u00e3o do Anjo \u201cMeu Deus! Eu creio, adoro, espero e ama-Vos. Pe\u00e7o-vos perd\u00e3o para os que n\u00e3o creem, n\u00e3o adoram, n\u00e3o esperam e n\u00e3o Vos amam\u201d, repetidas vezes.<br \/>\nFinalmente, para chegarmos ao Mist\u00e9rio de Deus revelado por Jesus Cristo \u00e9 necess\u00e1rio a for\u00e7a da f\u00e9 e a ajuda da gra\u00e7a divina. E no \u00e2mbito da repara\u00e7\u00e3o, o Sr. Bispo sublinhou que \u201ca nossa obriga\u00e7\u00e3o \u00e9 interromper a l\u00f3gica do mal e n\u00e3o colaborar com ele\u201d. Terminamos o retiro com vontade de mais. Esperamos que mais iniciativas destas se venham a repetir no pr\u00f3ximo ano pastoral.<\/p>\n<p><strong>Jos\u00e9 Carlos Costa<\/strong><\/p>\n","protected":false},"excerpt":{"rendered":"<p>\u201cO Mist\u00e9rio de Deus na Mensagem de F\u00e1tima\u201d. Foi este o tema que D. Ant\u00f3nio Moiteiro deu ao retiro espiritual, que ocorreu na casa diocesana, em Albergaria-a-Velha, no passado dia 1 do corrente m\u00eas de abril. As v\u00e1rias dezenas de participantes tiveram a oportunidade de ouvir do Bispo da Diocese de Aveiro que devemos procurar [&hellip;]<\/p>\n","protected":false},"author":3,"featured_media":0,"comment_status":"closed","ping_status":"closed","sticky":false,"template":"","format":"standard","meta":{"footnotes":""},"categories":[70],"tags":[],"class_list":["post-27459","post","type-post","status-publish","format-standard","hentry","category-diocese"],"_links":{"self":[{"href":"https:\/\/sites.ecclesia.pt\/cv\/wp-json\/wp\/v2\/posts\/27459","targetHints":{"allow":["GET"]}}],"collection":[{"href":"https:\/\/sites.ecclesia.pt\/cv\/wp-json\/wp\/v2\/posts"}],"about":[{"href":"https:\/\/sites.ecclesia.pt\/cv\/wp-json\/wp\/v2\/types\/post"}],"author":[{"embeddable":true,"href":"https:\/\/sites.ecclesia.pt\/cv\/wp-json\/wp\/v2\/users\/3"}],"replies":[{"embeddable":true,"href":"https:\/\/sites.ecclesia.pt\/cv\/wp-json\/wp\/v2\/comments?post=27459"}],"version-history":[{"count":1,"href":"https:\/\/sites.ecclesia.pt\/cv\/wp-json\/wp\/v2\/posts\/27459\/revisions"}],"predecessor-version":[{"id":27461,"href":"https:\/\/sites.ecclesia.pt\/cv\/wp-json\/wp\/v2\/posts\/27459\/revisions\/27461"}],"wp:attachment":[{"href":"https:\/\/sites.ecclesia.pt\/cv\/wp-json\/wp\/v2\/media?parent=27459"}],"wp:term":[{"taxonomy":"category","embeddable":true,"href":"https:\/\/sites.ecclesia.pt\/cv\/wp-json\/wp\/v2\/categories?post=27459"},{"taxonomy":"post_tag","embeddable":true,"href":"https:\/\/sites.ecclesia.pt\/cv\/wp-json\/wp\/v2\/tags?post=27459"}],"curies":[{"name":"wp","href":"https:\/\/api.w.org\/{rel}","templated":true}]}}